{"id":244334,"date":"2026-09-01T09:11:55","date_gmt":"2026-09-01T13:11:55","guid":{"rendered":"https:\/\/primicias.net\/web\/?p=244334"},"modified":"2026-09-01T09:11:55","modified_gmt":"2026-09-01T13:11:55","slug":"presidente-nombra-a-enmanuel-cedeno-brea-como-nuevo-superintendente-de-bancos","status":"publish","type":"post","link":"https:\/\/primicias.net\/web\/presidente-nombra-a-enmanuel-cedeno-brea-como-nuevo-superintendente-de-bancos\/","title":{"rendered":"Presidente nombra a Enmanuel Cede\u00f1o Brea como nuevo superintendente de Bancos"},"content":{"rendered":"<p>Este lunes el presidente de la Rep\u00fablica, Luis Abinader Corona, design\u00f3 al se\u00f1or Enmanuel Cede\u00f1o Brea como superintendente de Bancos, mediante el decreto 606-26:\u00a0<a id=\"m_-1472851146076391972OWA49bd8468-0cf4-0da8-22ee-44034a5bb0a2\" href=\"https:\/\/presidencia.gob.do\/decretos\/606-26\" target=\"_blank\" rel=\"noopener\" data-saferedirecturl=\"https:\/\/www.google.com\/url?q=https:\/\/presidencia.gob.do\/decretos\/606-26&amp;source=gmail&amp;ust=1788312384106000&amp;usg=AOvVaw2pd9abR7CdfQstbKDkVCWb\">606-26 | Presidencia de la Rep\u00fablica Dominicana<\/a><\/p>\n<p>&nbsp;<\/p>\n<p><b>Enmanuel Cede\u00f1o Brea<\/b><\/p>\n<p><span style=\"font-weight: 400;\">Es jurista especializado en econom\u00eda, regulaci\u00f3n financiera, prevenci\u00f3n de delitos financieros y gesti\u00f3n de riesgos. Cuenta con amplia experiencia en el dise\u00f1o e implementaci\u00f3n de pol\u00edticas regulatorias y de supervisi\u00f3n. Su labor en el servicio p\u00fablico ha contribuido al fortalecimiento de los marcos regulatorios, los procesos de supervisi\u00f3n y las iniciativas de innovaci\u00f3n y gesti\u00f3n de riesgos en el sistema financiero.\u00a0<\/span><\/p>\n<p><span style=\"font-weight: 400;\">Entre 2024 y 2026, Cede\u00f1o Brea se desempe\u00f1\u00f3 como <\/span><b>asesor general y coordinador t\u00e9cnico de la Superintendencia de Bancos<\/b><span style=\"font-weight: 400;\">. Previamente, entre 2022 y 2024, fue designado por el presidente Luis Abinader como intendente de la <\/span><b>Superintendencia del Mercado de Valores<\/b><span style=\"font-weight: 400;\">. Entre 2020 y 2022<\/span> <span style=\"font-weight: 400;\">ocup\u00f3 la posici\u00f3n de <\/span><b>subgerente de Regulaci\u00f3n e Innovaci\u00f3n<\/b><span style=\"font-weight: 400;\"> de la Superintendencia de Bancos.<\/span><\/p>\n<p><span style=\"font-weight: 400;\">Posee un <\/span><b>doctorado europeo (Ph.D.) en Derecho y Econom\u00eda<\/b><span style=\"font-weight: 400;\"> (European Doctorate in Law and Economics) por las Universidades de R\u00f3terdam, Hamburgo y Bolonia. Asimismo, obtuvo una maestr\u00eda con distinci\u00f3n en <\/span><b>Derecho y Finanzas<\/b><span style=\"font-weight: 400;\"> (MSc) por Queen Mary University of London, y una maestr\u00eda con m\u00e9rito en <\/span><b>Derecho Bancario y Regulaci\u00f3n Financiera<\/b><span style=\"font-weight: 400;\"> (LL.M.) por la London School of Economics (LSE).\u00a0<\/span><\/p>\n<p><span style=\"font-weight: 400;\">Complementa su formaci\u00f3n con certificaciones profesionales en regulaci\u00f3n del riesgo financiero (GARP Financial Risk Regulation) y cumplimiento en materia de delitos financieros (International Compliance Association \/ Manchester University).<\/span><\/p>\n<p>&nbsp;<\/p>\n<p><span style=\"font-weight: 400;\">En el \u00e1mbito acad\u00e9mico, fue vicerrector de Investigaci\u00f3n del <\/span><b>Instituto OMG<\/b><span style=\"font-weight: 400;\">, donde tambi\u00e9n imparte docencia. Asimismo, es profesor de la <\/span><b>Pontificia Universidad Cat\u00f3lica Madre y Maestra (PUCMM)<\/b><span style=\"font-weight: 400;\"> y la <\/span><b>Universidad Iberoamericana (UNIBE)<\/b><span style=\"font-weight: 400;\">, en las materias de Regulaci\u00f3n de los Mercados Financieros, An\u00e1lisis Econ\u00f3mico del Derecho y Teor\u00eda Econ\u00f3mica de la Regulaci\u00f3n.\u00a0<\/span><\/p>\n<p><span style=\"font-weight: 400;\">Antes de incorporarse al servicio p\u00fablico, fue consultor para importantes instituciones financieras nacionales e internacionales, en materia de prevenci\u00f3n del lavado de activos, incluyendo entidades globales de importancia sist\u00e9mica. Ha impartido m\u00e1s de 100 capacitaciones en Latinoam\u00e9rica, Europa, Asia y Medio Oriente y el Norte de \u00c1frica.\u00a0<\/span><\/p>\n<p>&nbsp;<\/p>\n","protected":false},"excerpt":{"rendered":"<p>Este lunes el presidente de la Rep\u00fablica, Luis Abinader Corona, design\u00f3 al se\u00f1or Enmanuel Cede\u00f1o Brea como superintendente de Bancos, mediante el decreto 606-26:\u00a0606-26 | Presidencia de la Rep\u00fablica Dominicana &nbsp; Enmanuel Cede\u00f1o Brea Es jurista especializado en econom\u00eda, regulaci\u00f3n financiera, prevenci\u00f3n de delitos financieros y gesti\u00f3n de riesgos. Cuenta con amplia experiencia en el &hellip;<\/p>\n","protected":false},"author":4,"featured_media":244335,"comment_status":"open","ping_status":"closed","sticky":false,"template":"","format":"standard","meta":{"_jetpack_newsletter_access":"","_jetpack_dont_email_post_to_subs":false,"_jetpack_newsletter_tier_id":0,"_jetpack_memberships_contains_paywalled_content":false,"_jetpack_feature_clip_id":0,"_jetpack_memberships_contains_paid_content":false,"footnotes":"","jetpack_publicize_message":"","jetpack_publicize_feature_enabled":true,"jetpack_social_post_already_shared":true,"jetpack_social_options":{"image_generator_settings":{"template":"highway","default_image_id":0,"font":"","enabled":false},"version":2},"jetpack_post_was_ever_published":false},"categories":[65],"tags":[],"class_list":["post-244334","post","type-post","status-publish","format-standard","has-post-thumbnail","hentry","category-bancarias"],"jetpack_publicize_connections":[],"jetpack_featured_media_url":"https:\/\/primicias.net\/web\/wp-content\/uploads\/2026\/09\/ENMANUEL-CEDENO-2.jpg","jetpack_sharing_enabled":true,"_links":{"self":[{"href":"https:\/\/primicias.net\/web\/wp-json\/wp\/v2\/posts\/244334","targetHints":{"allow":["GET"]}}],"collection":[{"href":"https:\/\/primicias.net\/web\/wp-json\/wp\/v2\/posts"}],"about":[{"href":"https:\/\/primicias.net\/web\/wp-json\/wp\/v2\/types\/post"}],"author":[{"embeddable":true,"href":"https:\/\/primicias.net\/web\/wp-json\/wp\/v2\/users\/4"}],"replies":[{"embeddable":true,"href":"https:\/\/primicias.net\/web\/wp-json\/wp\/v2\/comments?post=244334"}],"version-history":[{"count":1,"href":"https:\/\/primicias.net\/web\/wp-json\/wp\/v2\/posts\/244334\/revisions"}],"predecessor-version":[{"id":244336,"href":"https:\/\/primicias.net\/web\/wp-json\/wp\/v2\/posts\/244334\/revisions\/244336"}],"wp:featuredmedia":[{"embeddable":true,"href":"https:\/\/primicias.net\/web\/wp-json\/wp\/v2\/media\/244335"}],"wp:attachment":[{"href":"https:\/\/primicias.net\/web\/wp-json\/wp\/v2\/media?parent=244334"}],"wp:term":[{"taxonomy":"category","embeddable":true,"href":"https:\/\/primicias.net\/web\/wp-json\/wp\/v2\/categories?post=244334"},{"taxonomy":"post_tag","embeddable":true,"href":"https:\/\/primicias.net\/web\/wp-json\/wp\/v2\/tags?post=244334"}],"curies":[{"name":"wp","href":"https:\/\/api.w.org\/{rel}","templated":true}]}}