{"id":244321,"date":"2026-08-31T17:31:28","date_gmt":"2026-08-31T21:31:28","guid":{"rendered":"https:\/\/primicias.net\/web\/?p=244321"},"modified":"2026-08-31T17:31:28","modified_gmt":"2026-08-31T21:31:28","slug":"fp-nueva-york-dos-generaciones-una-sola-meta-2028","status":"publish","type":"post","link":"https:\/\/primicias.net\/web\/fp-nueva-york-dos-generaciones-una-sola-meta-2028\/","title":{"rendered":"FP Nueva York: \u201cDos Generaciones, una sola meta: 2028\u201d"},"content":{"rendered":"<p id=\"avWBGd-12820\" class=\"hP\" tabindex=\"-1\" data-thread-perm-id=\"thread-f:1875074465321219204\" data-legacy-thread-id=\"1a059a4aa8e07484\">La Fuerza del Pueblo (FP) en Nueva York celebr\u00f3 el encuentro \u201cDos Generaciones, una sola meta: 2028\u201d, bajo el lema \u201cCon la Fuerza del Pueblo venceremos\u201d, con el prop\u00f3sito de promover la integraci\u00f3n generacional y el fortalecimiento del liderazgo rumbo al 2028.<\/p>\n<p class=\"hP\" tabindex=\"-1\" data-thread-perm-id=\"thread-f:1875074465321219204\" data-legacy-thread-id=\"1a059a4aa8e07484\">Las expositoras Ana Elizabeth Garc\u00eda Caba, coordinadora de la Comisi\u00f3n de Juventud y Primer Voto, y Yamel Garc\u00eda Caba, secretaria de Adultos Mayores y Envejecientes, coincidieron en que experiencia y nuevas ideas deben unirse para abrir m\u00e1s espacios de participaci\u00f3n y liderazgo.<\/p>\n<p class=\"hP\" tabindex=\"-1\" data-thread-perm-id=\"thread-f:1875074465321219204\" data-legacy-thread-id=\"1a059a4aa8e07484\">Las palabras de bienvenida estuvieron a cargo del ingeniero Carlos F\u00e9liz, presidente de la FP en Nueva York. En la actividad estuvo presente V\u00edctor Pav\u00f3n, aspirante a alcalde, junto a dirigentes como Leydy Laura, Alfredo Rodr\u00edguez, Odel Suero y Gregorio Morrobel.<\/p>\n<div class=\"ahR\">\n<div id=\"elptr_6728\" aria-describedby=\"c6071\">\n<p id=\"avWBGd-12917\" class=\"hN\" tabindex=\"0\" role=\"button\" data-name=\"Recibidos\" aria-label=\"Buscar todos los mensajes con la etiqueta Recibidos\"><img loading=\"lazy\" decoding=\"async\" class=\"alignnone size-full wp-image-244323\" src=\"https:\/\/primicias.net\/web\/wp-content\/uploads\/2026\/08\/IMG-20260831-WA0076.jpg\" alt=\"\" width=\"1024\" height=\"768\" srcset=\"https:\/\/primicias.net\/web\/wp-content\/uploads\/2026\/08\/IMG-20260831-WA0076.jpg 1024w, https:\/\/primicias.net\/web\/wp-content\/uploads\/2026\/08\/IMG-20260831-WA0076-300x225.jpg 300w, https:\/\/primicias.net\/web\/wp-content\/uploads\/2026\/08\/IMG-20260831-WA0076-768x576.jpg 768w\" sizes=\"auto, (max-width: 1024px) 100vw, 1024px\" \/> <img loading=\"lazy\" decoding=\"async\" class=\"alignnone size-full wp-image-244322\" src=\"https:\/\/primicias.net\/web\/wp-content\/uploads\/2026\/08\/IMG-20260831-WA0074.jpg\" alt=\"\" width=\"1200\" height=\"1600\" srcset=\"https:\/\/primicias.net\/web\/wp-content\/uploads\/2026\/08\/IMG-20260831-WA0074.jpg 1200w, https:\/\/primicias.net\/web\/wp-content\/uploads\/2026\/08\/IMG-20260831-WA0074-225x300.jpg 225w, https:\/\/primicias.net\/web\/wp-content\/uploads\/2026\/08\/IMG-20260831-WA0074-768x1024.jpg 768w, https:\/\/primicias.net\/web\/wp-content\/uploads\/2026\/08\/IMG-20260831-WA0074-1152x1536.jpg 1152w\" sizes=\"auto, (max-width: 1200px) 100vw, 1200px\" \/><\/p>\n<\/div>\n<\/div>\n","protected":false},"excerpt":{"rendered":"<p>La Fuerza del Pueblo (FP) en Nueva York celebr\u00f3 el encuentro \u201cDos Generaciones, una sola meta: 2028\u201d, bajo el lema \u201cCon la Fuerza del Pueblo venceremos\u201d, con el prop\u00f3sito de promover la integraci\u00f3n generacional y el fortalecimiento del liderazgo rumbo al 2028. Las expositoras Ana Elizabeth Garc\u00eda Caba, coordinadora de la Comisi\u00f3n de Juventud y &hellip;<\/p>\n","protected":false},"author":4,"featured_media":244324,"comment_status":"open","ping_status":"closed","sticky":false,"template":"","format":"standard","meta":{"_jetpack_newsletter_access":"","_jetpack_dont_email_post_to_subs":false,"_jetpack_newsletter_tier_id":0,"_jetpack_memberships_contains_paywalled_content":false,"_jetpack_feature_clip_id":0,"_jetpack_memberships_contains_paid_content":false,"footnotes":"","jetpack_publicize_message":"","jetpack_publicize_feature_enabled":true,"jetpack_social_post_already_shared":true,"jetpack_social_options":{"image_generator_settings":{"template":"highway","default_image_id":0,"font":"","enabled":false},"version":2},"jetpack_post_was_ever_published":false},"categories":[47],"tags":[],"class_list":["post-244321","post","type-post","status-publish","format-standard","has-post-thumbnail","hentry","category-politicas"],"jetpack_publicize_connections":[],"jetpack_featured_media_url":"https:\/\/primicias.net\/web\/wp-content\/uploads\/2026\/08\/IMG-20260831-WA0070.jpg","jetpack_sharing_enabled":true,"_links":{"self":[{"href":"https:\/\/primicias.net\/web\/wp-json\/wp\/v2\/posts\/244321","targetHints":{"allow":["GET"]}}],"collection":[{"href":"https:\/\/primicias.net\/web\/wp-json\/wp\/v2\/posts"}],"about":[{"href":"https:\/\/primicias.net\/web\/wp-json\/wp\/v2\/types\/post"}],"author":[{"embeddable":true,"href":"https:\/\/primicias.net\/web\/wp-json\/wp\/v2\/users\/4"}],"replies":[{"embeddable":true,"href":"https:\/\/primicias.net\/web\/wp-json\/wp\/v2\/comments?post=244321"}],"version-history":[{"count":1,"href":"https:\/\/primicias.net\/web\/wp-json\/wp\/v2\/posts\/244321\/revisions"}],"predecessor-version":[{"id":244325,"href":"https:\/\/primicias.net\/web\/wp-json\/wp\/v2\/posts\/244321\/revisions\/244325"}],"wp:featuredmedia":[{"embeddable":true,"href":"https:\/\/primicias.net\/web\/wp-json\/wp\/v2\/media\/244324"}],"wp:attachment":[{"href":"https:\/\/primicias.net\/web\/wp-json\/wp\/v2\/media?parent=244321"}],"wp:term":[{"taxonomy":"category","embeddable":true,"href":"https:\/\/primicias.net\/web\/wp-json\/wp\/v2\/categories?post=244321"},{"taxonomy":"post_tag","embeddable":true,"href":"https:\/\/primicias.net\/web\/wp-json\/wp\/v2\/tags?post=244321"}],"curies":[{"name":"wp","href":"https:\/\/api.w.org\/{rel}","templated":true}]}}