{"id":244314,"date":"2026-08-31T17:13:37","date_gmt":"2026-08-31T21:13:37","guid":{"rendered":"https:\/\/primicias.net\/web\/?p=244314"},"modified":"2026-08-31T17:13:37","modified_gmt":"2026-08-31T21:13:37","slug":"fallece-el-doctor-freddy-a-reyes-fundador-de-asociacion-la-nacional","status":"publish","type":"post","link":"https:\/\/primicias.net\/web\/fallece-el-doctor-freddy-a-reyes-fundador-de-asociacion-la-nacional\/","title":{"rendered":"Fallece el doctor Freddy A. Reyes, fundador de Asociaci\u00f3n La Nacional"},"content":{"rendered":"<p><b>Santo Domingo, 31 de agosto de 2026.\u00a0<\/b>El fundador y presidente del Consejo de Consultores y Asesores de Asociaci\u00f3n La Nacional, Dr. Freddy A. Reyes P\u00e9rez falleci\u00f3 el domingo 30 de agosto dejando una trayectoria marcada por el servicio, la visi\u00f3n y un profundo compromiso con el desarrollo de las personas y del pa\u00eds.<\/p>\n<p>Naci\u00f3 el 14 de junio de 1936, en San Pedro de Macor\u00eds, hijo de Mercedes P\u00e9rez Leyba y Francisco Reyes Mart\u00ednez. Curs\u00f3 sus estudios en el Liceo Jos\u00e9 Joaqu\u00edn P\u00e9rez, de su ciudad natal, y en 1959 obtuvo el t\u00edtulo de Doctor en Derecho en la Universidad Aut\u00f3noma de Santo Domingo (UASD).<\/p>\n<p>Aunque ejerci\u00f3 el Derecho durante sus primeros a\u00f1os profesionales, su esp\u00edritu inquieto y su vocaci\u00f3n de servicio lo llevaron desde muy joven por diversos caminos. Se incorpor\u00f3 a la carrera diplom\u00e1tica y desarroll\u00f3 funciones en Am\u00e9rica del Sur y posteriormente en Jap\u00f3n, donde residi\u00f3 durante tres a\u00f1os. Durante su permanencia en ese pa\u00eds recibi\u00f3 una condecoraci\u00f3n del Emperador de Jap\u00f3n y, en 1964, tuvo la distinci\u00f3n de representar a la Rep\u00fablica Dominicana como atach\u00e9 en los Juegos Ol\u00edmpicos de Tokio, mientras se desempe\u00f1aba como secretario de la Embajada dominicana en Jap\u00f3n.<\/p>\n<p><b>Un visionario del sistema de ahorros y pr\u00e9stamos<\/b><\/p>\n<p>En 1972 fund\u00f3 la Asociaci\u00f3n La Nacional de Ahorros y Pr\u00e9stamos, instituci\u00f3n financiera que bajo su liderazgo se convirti\u00f3 en un importante instrumento para promover el acceso a la vivienda, el ahorro y las oportunidades para miles de familias dominicanas. Su visi\u00f3n trascendi\u00f3 la actividad financiera: entend\u00eda que una instituci\u00f3n deb\u00eda contribuir al bienestar de las personas y al progreso de la sociedad.<\/p>\n<p>Desde La Nacional impuls\u00f3 y apoy\u00f3 numerosas iniciativas en favor de la educaci\u00f3n, la salud, el deporte y el medio ambiente, convencido de que el desarrollo deb\u00eda ser integral y generar oportunidades para las personas y sus comunidades.<\/p>\n<p>Presidi\u00f3 la Junta de Directores de la Asociaci\u00f3n La Nacional hasta abril de 2021. En esa fecha, la Asamblea General Ordinaria Anual lo design\u00f3 presidente del Consejo de Consultores y Asesores, posici\u00f3n que desempe\u00f1\u00f3 hasta su fallecimiento.<\/p>\n<p>Su liderazgo tambi\u00e9n se proyect\u00f3 al \u00e1mbito gremial y regional. Presidi\u00f3 la Liga Dominicana de Asociaciones de Ahorros y Pr\u00e9stamos (LIDAAPI), organismo representativo de las asociaciones de ahorros y pr\u00e9stamos del pa\u00eds.<\/p>\n<p><img loading=\"lazy\" decoding=\"async\" class=\"alignnone size-full wp-image-244316\" src=\"https:\/\/primicias.net\/web\/wp-content\/uploads\/2026\/08\/Dr.-Freddy-A.-Reyes-Perez-1.jpg\" alt=\"\" width=\"1280\" height=\"1920\" srcset=\"https:\/\/primicias.net\/web\/wp-content\/uploads\/2026\/08\/Dr.-Freddy-A.-Reyes-Perez-1.jpg 1280w, https:\/\/primicias.net\/web\/wp-content\/uploads\/2026\/08\/Dr.-Freddy-A.-Reyes-Perez-1-200x300.jpg 200w, https:\/\/primicias.net\/web\/wp-content\/uploads\/2026\/08\/Dr.-Freddy-A.-Reyes-Perez-1-683x1024.jpg 683w, https:\/\/primicias.net\/web\/wp-content\/uploads\/2026\/08\/Dr.-Freddy-A.-Reyes-Perez-1-768x1152.jpg 768w, https:\/\/primicias.net\/web\/wp-content\/uploads\/2026\/08\/Dr.-Freddy-A.-Reyes-Perez-1-1024x1536.jpg 1024w\" sizes=\"auto, (max-width: 1280px) 100vw, 1280px\" \/><\/p>\n<p>A nivel internacional, presidi\u00f3 y fue miembro del Comit\u00e9 Ejecutivo de la Uni\u00f3n Interamericana para la Vivienda; dirigi\u00f3 las Conferencias Interamericanas para la Vivienda celebradas en R\u00edo de Janeiro y M\u00e9xico en 1991, as\u00ed como el II Foro para la Vivienda, realizado en Bolivia ese mismo a\u00f1o. Fue adem\u00e1s presidente y miembro del Comit\u00e9 Ejecutivo de la Caribbean Association of Housing Finance Institutions (CASHFI) y de la International Union of Housing Finance (IUHF).<\/p>\n<p>Durante su ejercicio profesional presidi\u00f3 tambi\u00e9n el Instituto Jur\u00eddico Interamericano Internacional para la Vivienda y el Instituto Jur\u00eddico de las Cajas de Ahorros Latinoamericanas.<\/p>\n<p><b>Diplom\u00e1tico, educador y comunicador<\/b><\/p>\n<p>En el \u00e1mbito diplom\u00e1tico, fue c\u00f3nsul honorario de Trinidad y Tobago en la Rep\u00fablica Dominicana desde 1991. Tambi\u00e9n ocup\u00f3 distintas posiciones en la Junta Directiva del Cuerpo Consular Acreditado en Rep\u00fablica Dominicana, incluyendo las de decano, vicedecano, secretario y tesorero.<\/p>\n<p>Su vocaci\u00f3n de servicio estuvo acompa\u00f1ada siempre de una profunda pasi\u00f3n por el conocimiento y la formaci\u00f3n. Particip\u00f3 en la organizaci\u00f3n de la Universidad Nacional Pedro Henr\u00edquez Ure\u00f1a (UNPHU), de la cual fue profesor fundador, decano y representante en los \u00e1mbitos nacional e internacional. En reconocimiento a su trayectoria y aportes, en 2025 la UNPHU le confiri\u00f3 el t\u00edtulo de Doctor Honoris Causa.<\/p>\n<p>Antes de dedicar plenamente sus esfuerzos a la fundaci\u00f3n y desarrollo de La Nacional, tambi\u00e9n encontr\u00f3 en la comunicaci\u00f3n una importante v\u00eda de expresi\u00f3n. Durante la d\u00e9cada de 1960 y hasta 1972 desarroll\u00f3 una activa carrera en los medios de comunicaci\u00f3n. Durante 14 a\u00f1os condujo el programa \u201cEncuentro\u201d, junto a Elis P\u00e9rez, a trav\u00e9s del canal 7 de Rahintel.<\/p>\n<p>Es autor de las obras Detr\u00e1s del Biombo, Las Ep\u00edstolas, La Alegr\u00eda de Vivir, El Paseo, Reina Peregrina, La Alegr\u00eda de Vivir, diez a\u00f1os despu\u00e9s y Del Bachiller que construy\u00f3 un aeroplano en el patio de su casa.<\/p>\n<p>M\u00e1s all\u00e1 de sus cargos y responsabilidades, quienes conocieron al Dr. Freddy Reyes encontraron en \u00e9l a un hombre de extraordinaria curiosidad intelectual, lector incansable y apasionado por aprender, compartir conocimientos y explorar nuevas ideas.<\/p>\n<p>Le sobreviven su esposa, Mar\u00eda Marcelle Mart\u00ednez de Reyes; sus hijos, Francisco Xavier, Carlos Federico y Lidia, Michele y Erwin, M\u00f3nica y Gustavo; y nueve nietos.<\/p>\n","protected":false},"excerpt":{"rendered":"<p>Santo Domingo, 31 de agosto de 2026.\u00a0El fundador y presidente del Consejo de Consultores y Asesores de Asociaci\u00f3n La Nacional, Dr. Freddy A. Reyes P\u00e9rez falleci\u00f3 el domingo 30 de agosto dejando una trayectoria marcada por el servicio, la visi\u00f3n y un profundo compromiso con el desarrollo de las personas y del pa\u00eds. Naci\u00f3 el &hellip;<\/p>\n","protected":false},"author":4,"featured_media":244315,"comment_status":"open","ping_status":"closed","sticky":false,"template":"","format":"standard","meta":{"_jetpack_newsletter_access":"","_jetpack_dont_email_post_to_subs":false,"_jetpack_newsletter_tier_id":0,"_jetpack_memberships_contains_paywalled_content":false,"_jetpack_feature_clip_id":0,"_jetpack_memberships_contains_paid_content":false,"footnotes":"","jetpack_publicize_message":"","jetpack_publicize_feature_enabled":true,"jetpack_social_post_already_shared":true,"jetpack_social_options":{"image_generator_settings":{"template":"highway","default_image_id":0,"font":"","enabled":false},"version":2},"jetpack_post_was_ever_published":false},"categories":[31],"tags":[],"class_list":["post-244314","post","type-post","status-publish","format-standard","has-post-thumbnail","hentry","category-nacionales"],"jetpack_publicize_connections":[],"jetpack_featured_media_url":"https:\/\/primicias.net\/web\/wp-content\/uploads\/2026\/08\/Dr.-Freddy-A.-Reyes-Perez-2.jpg","jetpack_sharing_enabled":true,"_links":{"self":[{"href":"https:\/\/primicias.net\/web\/wp-json\/wp\/v2\/posts\/244314","targetHints":{"allow":["GET"]}}],"collection":[{"href":"https:\/\/primicias.net\/web\/wp-json\/wp\/v2\/posts"}],"about":[{"href":"https:\/\/primicias.net\/web\/wp-json\/wp\/v2\/types\/post"}],"author":[{"embeddable":true,"href":"https:\/\/primicias.net\/web\/wp-json\/wp\/v2\/users\/4"}],"replies":[{"embeddable":true,"href":"https:\/\/primicias.net\/web\/wp-json\/wp\/v2\/comments?post=244314"}],"version-history":[{"count":1,"href":"https:\/\/primicias.net\/web\/wp-json\/wp\/v2\/posts\/244314\/revisions"}],"predecessor-version":[{"id":244317,"href":"https:\/\/primicias.net\/web\/wp-json\/wp\/v2\/posts\/244314\/revisions\/244317"}],"wp:featuredmedia":[{"embeddable":true,"href":"https:\/\/primicias.net\/web\/wp-json\/wp\/v2\/media\/244315"}],"wp:attachment":[{"href":"https:\/\/primicias.net\/web\/wp-json\/wp\/v2\/media?parent=244314"}],"wp:term":[{"taxonomy":"category","embeddable":true,"href":"https:\/\/primicias.net\/web\/wp-json\/wp\/v2\/categories?post=244314"},{"taxonomy":"post_tag","embeddable":true,"href":"https:\/\/primicias.net\/web\/wp-json\/wp\/v2\/tags?post=244314"}],"curies":[{"name":"wp","href":"https:\/\/api.w.org\/{rel}","templated":true}]}}