{"id":244304,"date":"2026-08-31T12:17:35","date_gmt":"2026-08-31T16:17:35","guid":{"rendered":"https:\/\/primicias.net\/web\/?p=244304"},"modified":"2026-08-31T12:17:35","modified_gmt":"2026-08-31T16:17:35","slug":"sanchez-roa-al-conmemorarse-el-120-aniversario-del-natalicio-del-expresidente-joaquin-balaguer-afirma-que-su-legado-se-agiganta-con-el-paso-del-tiempo","status":"publish","type":"post","link":"https:\/\/primicias.net\/web\/sanchez-roa-al-conmemorarse-el-120-aniversario-del-natalicio-del-expresidente-joaquin-balaguer-afirma-que-su-legado-se-agiganta-con-el-paso-del-tiempo\/","title":{"rendered":"S\u00e1nchez Roa, al conmemorarse el 120 aniversario del natalicio del expresidente Joaqu\u00edn Balaguer, afirma que \u201cSu legado se agiganta con el paso del tiempo\u201d"},"content":{"rendered":"<p style=\"font-weight: 400;\">El exsenador Adriano S\u00e1nchez Roa afirm\u00f3, al conmemorarse este 1ero. de septiembre el 120 aniversario del natalicio de Joaqu\u00edn Balaguer, su legado de permanece vigente y se agiganta con el paso del tiempo, como estadista, pol\u00edtico, escritor, protector del medioambiente y constructor de obras fundamentales para el desarrollo nacional.<\/p>\n<p style=\"font-weight: 400;\">\u201cM\u00e1s all\u00e1 de las controversias que acompa\u00f1aron su trayectoria pol\u00edtica, la obra de Balaguer constituye una parte esencial de la transformaci\u00f3n de la Rep\u00fablica Dominicana durante el siglo XX, a tal extremo que hoy es referencia de un desarrollo sin endeudamiento y con car\u00e1cter social\u201d, dijo.<\/p>\n<p><img loading=\"lazy\" decoding=\"async\" class=\"alignnone size-full wp-image-244305\" src=\"https:\/\/primicias.net\/web\/wp-content\/uploads\/2026\/08\/83b1500c-0900-4600-8b9c-b890389490bb.jpg\" alt=\"\" width=\"1280\" height=\"831\" srcset=\"https:\/\/primicias.net\/web\/wp-content\/uploads\/2026\/08\/83b1500c-0900-4600-8b9c-b890389490bb.jpg 1280w, https:\/\/primicias.net\/web\/wp-content\/uploads\/2026\/08\/83b1500c-0900-4600-8b9c-b890389490bb-300x195.jpg 300w, https:\/\/primicias.net\/web\/wp-content\/uploads\/2026\/08\/83b1500c-0900-4600-8b9c-b890389490bb-1024x665.jpg 1024w, https:\/\/primicias.net\/web\/wp-content\/uploads\/2026\/08\/83b1500c-0900-4600-8b9c-b890389490bb-768x499.jpg 768w\" sizes=\"auto, (max-width: 1280px) 100vw, 1280px\" \/><\/p>\n<p style=\"font-weight: 400;\">S\u00e1nchez Roa sostuvo que entre las realizaciones figuran carreteras, puentes, presas, proyectos hidroel\u00e9ctricos, el Centro Ol\u00edmpico Juan Pablo Duarte, la Plaza de la Cultura y diversas iniciativas de protecci\u00f3n ambiental, obras que, seg\u00fan se\u00f1al\u00f3, permanecen como testimonios concretos de su visi\u00f3n de Estado.<\/p>\n<p style=\"font-weight: 400;\">Asimismo, resalt\u00f3 la dimensi\u00f3n intelectual de Balaguer, cuya extensa producci\u00f3n literaria comprende poes\u00eda, ensayo, historia, cr\u00edtica y otros g\u00e9neros, situ\u00e1ndolo entre las figuras m\u00e1s influyentes de las letras dominicanas.<\/p>\n<p style=\"font-weight: 400;\">\u201cLa historia debe estudiarse completa, con sus luces y sus desaciertos. Hay que estudiarla, valorarla y aprender de ella; y ah\u00ed Balaguer, con el paso del tiempo, cada d\u00eda crece m\u00e1s\u201d, expres\u00f3 S\u00e1nchez Roa.<\/p>\n<p><img loading=\"lazy\" decoding=\"async\" class=\"alignnone size-full wp-image-244307\" src=\"https:\/\/primicias.net\/web\/wp-content\/uploads\/2026\/08\/D4C09283-847F-40DF-AB27-2DFC0F4243F7.png\" alt=\"\" width=\"1055\" height=\"1491\" srcset=\"https:\/\/primicias.net\/web\/wp-content\/uploads\/2026\/08\/D4C09283-847F-40DF-AB27-2DFC0F4243F7.png 1055w, https:\/\/primicias.net\/web\/wp-content\/uploads\/2026\/08\/D4C09283-847F-40DF-AB27-2DFC0F4243F7-212x300.png 212w, https:\/\/primicias.net\/web\/wp-content\/uploads\/2026\/08\/D4C09283-847F-40DF-AB27-2DFC0F4243F7-725x1024.png 725w, https:\/\/primicias.net\/web\/wp-content\/uploads\/2026\/08\/D4C09283-847F-40DF-AB27-2DFC0F4243F7-768x1085.png 768w\" sizes=\"auto, (max-width: 1055px) 100vw, 1055px\" \/> <img loading=\"lazy\" decoding=\"async\" class=\"alignnone size-full wp-image-244306\" src=\"https:\/\/primicias.net\/web\/wp-content\/uploads\/2026\/08\/08525A27-BF58-405F-BB9E-9D3F3D811952.png\" alt=\"\" width=\"1024\" height=\"1536\" srcset=\"https:\/\/primicias.net\/web\/wp-content\/uploads\/2026\/08\/08525A27-BF58-405F-BB9E-9D3F3D811952.png 1024w, https:\/\/primicias.net\/web\/wp-content\/uploads\/2026\/08\/08525A27-BF58-405F-BB9E-9D3F3D811952-200x300.png 200w, https:\/\/primicias.net\/web\/wp-content\/uploads\/2026\/08\/08525A27-BF58-405F-BB9E-9D3F3D811952-683x1024.png 683w, https:\/\/primicias.net\/web\/wp-content\/uploads\/2026\/08\/08525A27-BF58-405F-BB9E-9D3F3D811952-768x1152.png 768w\" sizes=\"auto, (max-width: 1024px) 100vw, 1024px\" \/><\/p>\n<p style=\"font-weight: 400;\"><strong>Una an\u00e9cdota que revela su capacidad de escuchar<\/strong><\/p>\n<p style=\"font-weight: 400;\">El exsenador record\u00f3 una experiencia personal que, seg\u00fan dijo, le permiti\u00f3 conocer una faceta particular del expresidente.<\/p>\n<p style=\"font-weight: 400;\">\u201cEn 1994, cuando el doctor Balaguer me nombr\u00f3 en el Banco Agr\u00edcola, el doctor Ney Arias Lora me aconsej\u00f3 entregarle al Primer Mandatario mi libro de poemas\u00a0<strong><em>\u00abEn tiempos de caracoles\u00bb<\/em><\/strong>, una obra de contenido cr\u00edtico sobre los doce a\u00f1os de gobierno\u201d.<\/p>\n<p style=\"font-weight: 400;\">\u201cDecid\u00ed seguir su consejo\u201d, revel\u00f3.<\/p>\n<p style=\"font-weight: 400;\">S\u00e1nchez Roa continu\u00f3, \u201cUna ma\u00f1ana, cuando el presidente Balaguer sal\u00eda de la residencia y caminaba hacia su Lincoln Continental, le expliqu\u00e9 personalmente el contenido cr\u00edtico de la obra. Me pidi\u00f3 entonces un ejemplar para que el general P\u00e9rez Bello se lo leyera\u201d.<\/p>\n<p style=\"font-weight: 400;\">\u201cDurante varias semanas esper\u00e9 con cierta ansiedad su reacci\u00f3n\u201d, dijo.<\/p>\n<p style=\"font-weight: 400;\">Hasta que un d\u00eda el doctor Balaguer me sorprendi\u00f3 con estas palabras:<\/p>\n<p style=\"font-weight: 400;\">\u2014Me leyeron los poemas. Yo, a su edad y con lo que ocurr\u00eda en esos tiempos, tambi\u00e9n los hubiese escrito.<\/p>\n<p style=\"font-weight: 400;\">A juicio del exsenador, aquella respuesta refleja la capacidad del expresidente para escuchar una cr\u00edtica y reconocer el derecho de las nuevas generaciones a expresar sus ideas, incluso cuando fueran contrarias a las posiciones del poder, por lo que \u201cNunca olvid\u00e9 aquel momento\u201d.<\/p>\n<p style=\"font-weight: 400;\">S\u00e1nchez Roa record\u00f3 tambi\u00e9n que, por iniciativa suya, el Senado de la Rep\u00fablica declar\u00f3 el 1.\u00ba de septiembre como\u00a0<strong>\u00abD\u00eda de regocijo nacional por ser el natalicio del doctor Joaqu\u00edn Balaguer\u00bb,\u00a0<\/strong>mediante resoluci\u00f3n aprobada en 2010.<\/p>\n<p style=\"font-weight: 400;\">Consider\u00f3 que el 120.\u00ba aniversario constituye una ocasi\u00f3n propicia para preservar la memoria hist\u00f3rica y analizar la trayectoria de Balaguer sin apasionamientos ni sectarismos.<\/p>\n<p style=\"font-weight: 400;\">\u201cNo se trata de idealizar ni de condenar desde el olvido. Se trata de conocer la historia, reconocer las obras que perduran y aprender de los aciertos y errores del pasado para construir una Rep\u00fablica Dominicana cada vez m\u00e1s desarrollada, pr\u00f3spera y justa\u201d, concluy\u00f3 S\u00e1nchez Roa.<\/p>\n","protected":false},"excerpt":{"rendered":"<p>El exsenador Adriano S\u00e1nchez Roa afirm\u00f3, al conmemorarse este 1ero. de septiembre el 120 aniversario del natalicio de Joaqu\u00edn Balaguer, su legado de permanece vigente y se agiganta con el paso del tiempo, como estadista, pol\u00edtico, escritor, protector del medioambiente y constructor de obras fundamentales para el desarrollo nacional. \u201cM\u00e1s all\u00e1 de las controversias que &hellip;<\/p>\n","protected":false},"author":4,"featured_media":244308,"comment_status":"open","ping_status":"closed","sticky":false,"template":"","format":"standard","meta":{"_jetpack_newsletter_access":"","_jetpack_dont_email_post_to_subs":false,"_jetpack_newsletter_tier_id":0,"_jetpack_memberships_contains_paywalled_content":false,"_jetpack_feature_clip_id":0,"_jetpack_memberships_contains_paid_content":false,"footnotes":"","jetpack_publicize_message":"","jetpack_publicize_feature_enabled":true,"jetpack_social_post_already_shared":true,"jetpack_social_options":{"image_generator_settings":{"template":"highway","default_image_id":0,"font":"","enabled":false},"version":2},"jetpack_post_was_ever_published":false},"categories":[47],"tags":[],"class_list":["post-244304","post","type-post","status-publish","format-standard","has-post-thumbnail","hentry","category-politicas"],"jetpack_publicize_connections":[],"jetpack_featured_media_url":"https:\/\/primicias.net\/web\/wp-content\/uploads\/2026\/08\/87ed720a-cc3f-4c67-9438-48ffb2c5a12f.jpg","jetpack_sharing_enabled":true,"_links":{"self":[{"href":"https:\/\/primicias.net\/web\/wp-json\/wp\/v2\/posts\/244304","targetHints":{"allow":["GET"]}}],"collection":[{"href":"https:\/\/primicias.net\/web\/wp-json\/wp\/v2\/posts"}],"about":[{"href":"https:\/\/primicias.net\/web\/wp-json\/wp\/v2\/types\/post"}],"author":[{"embeddable":true,"href":"https:\/\/primicias.net\/web\/wp-json\/wp\/v2\/users\/4"}],"replies":[{"embeddable":true,"href":"https:\/\/primicias.net\/web\/wp-json\/wp\/v2\/comments?post=244304"}],"version-history":[{"count":1,"href":"https:\/\/primicias.net\/web\/wp-json\/wp\/v2\/posts\/244304\/revisions"}],"predecessor-version":[{"id":244309,"href":"https:\/\/primicias.net\/web\/wp-json\/wp\/v2\/posts\/244304\/revisions\/244309"}],"wp:featuredmedia":[{"embeddable":true,"href":"https:\/\/primicias.net\/web\/wp-json\/wp\/v2\/media\/244308"}],"wp:attachment":[{"href":"https:\/\/primicias.net\/web\/wp-json\/wp\/v2\/media?parent=244304"}],"wp:term":[{"taxonomy":"category","embeddable":true,"href":"https:\/\/primicias.net\/web\/wp-json\/wp\/v2\/categories?post=244304"},{"taxonomy":"post_tag","embeddable":true,"href":"https:\/\/primicias.net\/web\/wp-json\/wp\/v2\/tags?post=244304"}],"curies":[{"name":"wp","href":"https:\/\/api.w.org\/{rel}","templated":true}]}}