{"id":244289,"date":"2026-08-31T10:51:25","date_gmt":"2026-08-31T14:51:25","guid":{"rendered":"https:\/\/primicias.net\/web\/?p=244289"},"modified":"2026-08-31T10:51:25","modified_gmt":"2026-08-31T14:51:25","slug":"queens-academy-rd-celebra-su-64-a-graduacion-con-espectacular-desfile-de-la-coleccion-nautica-of-queens","status":"publish","type":"post","link":"https:\/\/primicias.net\/web\/queens-academy-rd-celebra-su-64-a-graduacion-con-espectacular-desfile-de-la-coleccion-nautica-of-queens\/","title":{"rendered":"Queen\u2019s Academy RD celebra su 64.\u00aa graduaci\u00f3n con espectacular desfile de la colecci\u00f3n \u201cN\u00e1utica of Queen\u2019s\u201d"},"content":{"rendered":"<p>Santo Domingo, Rep\u00fablica Dominicana. Con una espectacular puesta en escena que combin\u00f3 moda, elegancia, talento y creatividad, Queen\u2019s Academy RD celebr\u00f3 su 64.\u00aa graduaci\u00f3n, teniendo como atractivo principal el desfile de la colecci\u00f3n \u201cN\u00e1utica of Queen\u2019s\u201d, protagonizado por sus estudiantes.<\/p>\n<p>La pasarela se convirti\u00f3 en el escenario perfecto para mostrar el resultado de meses de preparaci\u00f3n, disciplina y formaci\u00f3n, en una jornada que reuni\u00f3 a familiares, invitados y amantes de la moda, quienes disfrutaron de una propuesta inspirada en la frescura, la libertad y la sofisticaci\u00f3n del estilo n\u00e1utico.<br \/>\nLa colecci\u00f3n \u201cN\u00e1utica of Queen\u2019s\u201d estuvo marcada por los tonos azul marino y blanco, acompa\u00f1ados de sutiles detalles en rojo.<\/p>\n<p>Los dise\u00f1os incorporaron elementos caracter\u00edsticos del mundo marinero, como anclas, timones, barcos y motivos navales, reinterpretados con una visi\u00f3n moderna y elegante.<\/p>\n<p>Las estudiantes desfilaron con seguridad y dominio de la pasarela, presentando propuestas frescas, c\u00f3modas y vers\u00e1tiles que evocaron el esp\u00edritu aventurero del mar y, al mismo tiempo, reflejaron el sello de distinci\u00f3n que caracteriza a Queen\u2019s Academy RD.<\/p>\n<p><img loading=\"lazy\" decoding=\"async\" class=\"alignnone size-full wp-image-244292\" src=\"https:\/\/primicias.net\/web\/wp-content\/uploads\/2026\/08\/WhatsApp-Image-2026-08-31-at-9.27.16-AM.jpeg\" alt=\"\" width=\"1024\" height=\"1535\" srcset=\"https:\/\/primicias.net\/web\/wp-content\/uploads\/2026\/08\/WhatsApp-Image-2026-08-31-at-9.27.16-AM.jpeg 1024w, https:\/\/primicias.net\/web\/wp-content\/uploads\/2026\/08\/WhatsApp-Image-2026-08-31-at-9.27.16-AM-200x300.jpeg 200w, https:\/\/primicias.net\/web\/wp-content\/uploads\/2026\/08\/WhatsApp-Image-2026-08-31-at-9.27.16-AM-683x1024.jpeg 683w, https:\/\/primicias.net\/web\/wp-content\/uploads\/2026\/08\/WhatsApp-Image-2026-08-31-at-9.27.16-AM-768x1151.jpeg 768w\" sizes=\"auto, (max-width: 1024px) 100vw, 1024px\" \/><\/p>\n<p>Durante la actividad tambi\u00e9n fue presentada la colecci\u00f3n \u201cGia Nautique Caribbean Edition\u201d, de la dise\u00f1adora Gia, cuya propuesta se integr\u00f3 a la celebraci\u00f3n aportando creatividad y una visi\u00f3n particular del concepto n\u00e1utico.<\/p>\n<p>Uno de los momentos m\u00e1s emotivos de la jornada fue la imposici\u00f3n de pa\u00f1uelos y pines a las alumnas del \u00faltimo nivel del diplomado, distintivos que simbolizan el compromiso, la disciplina, la trayectoria y la excelencia alcanzados durante su proceso de formaci\u00f3n.<\/p>\n<p>Este acto represent\u00f3 para las graduandas el cierre de una etapa y el inicio de un nuevo cap\u00edtulo en su preparaci\u00f3n, marcado por mayores retos, liderazgo y oportunidades dentro del mundo de la moda y el modelaje.<\/p>\n<p><img loading=\"lazy\" decoding=\"async\" class=\"alignnone size-full wp-image-244291\" src=\"https:\/\/primicias.net\/web\/wp-content\/uploads\/2026\/08\/WhatsApp-Image-2026-08-31-at-9.27.15-AM.jpeg\" alt=\"\" width=\"900\" height=\"1600\" srcset=\"https:\/\/primicias.net\/web\/wp-content\/uploads\/2026\/08\/WhatsApp-Image-2026-08-31-at-9.27.15-AM.jpeg 900w, https:\/\/primicias.net\/web\/wp-content\/uploads\/2026\/08\/WhatsApp-Image-2026-08-31-at-9.27.15-AM-169x300.jpeg 169w, https:\/\/primicias.net\/web\/wp-content\/uploads\/2026\/08\/WhatsApp-Image-2026-08-31-at-9.27.15-AM-576x1024.jpeg 576w, https:\/\/primicias.net\/web\/wp-content\/uploads\/2026\/08\/WhatsApp-Image-2026-08-31-at-9.27.15-AM-768x1365.jpeg 768w, https:\/\/primicias.net\/web\/wp-content\/uploads\/2026\/08\/WhatsApp-Image-2026-08-31-at-9.27.15-AM-864x1536.jpeg 864w\" sizes=\"auto, (max-width: 900px) 100vw, 900px\" \/><br \/>\nCon m\u00e1s de 27 a\u00f1os de trayectoria, Queen\u2019s Academy RD se ha establecido como una reconocida escuela y agencia de modelos de la Rep\u00fablica Dominicana, dedicada a la formaci\u00f3n integral de ni\u00f1os, j\u00f3venes y adultos.<\/p>\n<p>Bajo la direcci\u00f3n de Daniel Mateo y Florys Jim\u00e9nez, la instituci\u00f3n ofrece capacitaci\u00f3n en pasarela, fotograf\u00eda, asesor\u00eda de imagen, expresi\u00f3n corporal, etiqueta, protocolo, manejo de redes sociales y desarrollo personal.<\/p>\n<p>A lo largo de su trayectoria, la academia ha impulsado a numerosas generaciones de talentos, brind\u00e1ndoles las herramientas necesarias para proyectarse en escenarios de la moda nacional e internacional.<\/p>\n<p>La 64.\u00aa graduaci\u00f3n, con el desfile \u201cN\u00e1utica of Queen\u2019s\u201d, reafirm\u00f3 el compromiso de la instituci\u00f3n con la formaci\u00f3n de nuevos talentos y demostr\u00f3 que detr\u00e1s de cada paso sobre una pasarela existe una combinaci\u00f3n de preparaci\u00f3n, disciplina, confianza y dedicaci\u00f3n.<br \/>\nPara las graduadas, llevar el pa\u00f1uelo y el pin representa desde ahora portar con orgullo el sello de una formaci\u00f3n que deja huellas y abre las puertas hacia nuevos horizontes.<\/p>\n<p>&nbsp;<\/p>\n<blockquote class=\"twitter-tweet\" data-media-max-width=\"560\">\n<p lang=\"es\" dir=\"ltr\">Queen\u2019s Academy RD celebra su 64.\u00aa graduaci\u00f3n <a href=\"https:\/\/t.co\/jVF82ahn9q\">pic.twitter.com\/jVF82ahn9q<\/a><\/p>\n<p>&mdash; Sol Del Este RD (@SolDelEste46172) <a href=\"https:\/\/x.com\/SolDelEste46172\/status\/2094437192902840336?ref_src=twsrc%5Etfw\">August 31, 2026<\/a><\/p><\/blockquote>\n<p> <script async src=\"https:\/\/platform.x.com\/widgets.js\" charset=\"utf-8\"><\/script><\/p>\n","protected":false},"excerpt":{"rendered":"<p>Santo Domingo, Rep\u00fablica Dominicana. Con una espectacular puesta en escena que combin\u00f3 moda, elegancia, talento y creatividad, Queen\u2019s Academy RD celebr\u00f3 su 64.\u00aa graduaci\u00f3n, teniendo como atractivo principal el desfile de la colecci\u00f3n \u201cN\u00e1utica of Queen\u2019s\u201d, protagonizado por sus estudiantes. La pasarela se convirti\u00f3 en el escenario perfecto para mostrar el resultado de meses de &hellip;<\/p>\n","protected":false},"author":4,"featured_media":244290,"comment_status":"open","ping_status":"closed","sticky":false,"template":"","format":"standard","meta":{"_jetpack_newsletter_access":"","_jetpack_dont_email_post_to_subs":false,"_jetpack_newsletter_tier_id":0,"_jetpack_memberships_contains_paywalled_content":false,"_jetpack_feature_clip_id":0,"_jetpack_memberships_contains_paid_content":false,"footnotes":"","jetpack_publicize_message":"","jetpack_publicize_feature_enabled":true,"jetpack_social_post_already_shared":true,"jetpack_social_options":{"image_generator_settings":{"template":"highway","default_image_id":0,"font":"","enabled":false},"version":2},"jetpack_post_was_ever_published":false},"categories":[52],"tags":[],"class_list":["post-244289","post","type-post","status-publish","format-standard","has-post-thumbnail","hentry","category-sociales"],"jetpack_publicize_connections":[],"jetpack_featured_media_url":"https:\/\/primicias.net\/web\/wp-content\/uploads\/2026\/08\/WhatsApp-Image-2026-08-31-at-9.27.15-AM-1.jpeg","jetpack_sharing_enabled":true,"_links":{"self":[{"href":"https:\/\/primicias.net\/web\/wp-json\/wp\/v2\/posts\/244289","targetHints":{"allow":["GET"]}}],"collection":[{"href":"https:\/\/primicias.net\/web\/wp-json\/wp\/v2\/posts"}],"about":[{"href":"https:\/\/primicias.net\/web\/wp-json\/wp\/v2\/types\/post"}],"author":[{"embeddable":true,"href":"https:\/\/primicias.net\/web\/wp-json\/wp\/v2\/users\/4"}],"replies":[{"embeddable":true,"href":"https:\/\/primicias.net\/web\/wp-json\/wp\/v2\/comments?post=244289"}],"version-history":[{"count":1,"href":"https:\/\/primicias.net\/web\/wp-json\/wp\/v2\/posts\/244289\/revisions"}],"predecessor-version":[{"id":244293,"href":"https:\/\/primicias.net\/web\/wp-json\/wp\/v2\/posts\/244289\/revisions\/244293"}],"wp:featuredmedia":[{"embeddable":true,"href":"https:\/\/primicias.net\/web\/wp-json\/wp\/v2\/media\/244290"}],"wp:attachment":[{"href":"https:\/\/primicias.net\/web\/wp-json\/wp\/v2\/media?parent=244289"}],"wp:term":[{"taxonomy":"category","embeddable":true,"href":"https:\/\/primicias.net\/web\/wp-json\/wp\/v2\/categories?post=244289"},{"taxonomy":"post_tag","embeddable":true,"href":"https:\/\/primicias.net\/web\/wp-json\/wp\/v2\/tags?post=244289"}],"curies":[{"name":"wp","href":"https:\/\/api.w.org\/{rel}","templated":true}]}}