{"id":244287,"date":"2026-08-31T10:45:49","date_gmt":"2026-08-31T14:45:49","guid":{"rendered":"https:\/\/primicias.net\/web\/?p=244287"},"modified":"2026-08-31T10:45:49","modified_gmt":"2026-08-31T14:45:49","slug":"eddy-alcantara-propone-reformar-las-normas-procesales-para-combatir-con-mayor-firmeza-el-delito","status":"publish","type":"post","link":"https:\/\/primicias.net\/web\/eddy-alcantara-propone-reformar-las-normas-procesales-para-combatir-con-mayor-firmeza-el-delito\/","title":{"rendered":"Eddy Alc\u00e1ntara propone reformar las normas procesales para combatir con mayor firmeza el delito"},"content":{"rendered":"<p style=\"font-weight: 400;\"><strong>PUERTO PLATA.-<\/strong>\u00a0El abogado y polit\u00f3logo Eddy Alc\u00e1ntara plante\u00f3\u00a0aqu\u00ed\u00a0la necesidad de introducir cambios en las normas procesales y leyes sectoriales, a fin de fortalecer la persecuci\u00f3n y sanci\u00f3n del delito y el crimen organizado.<\/p>\n<p style=\"font-weight: 400;\">Durante su participaci\u00f3n en la segunda edici\u00f3n del Congreso Internacional de Derecho, celebrado en esta ciudad bajo el lema \u201cEstado constitucional, democracia y garant\u00edas fundamentales\u201d, Alc\u00e1ntara se\u00f1al\u00f3 que aunque el pa\u00eds cuenta con un nuevo C\u00f3digo Penal que castiga conductas que antes no estaban tipificadas, \u201ctambi\u00e9n debe prestarse atenci\u00f3n al proceso previo a la sanci\u00f3n definitiva de los tribunales\u201d.<\/p>\n<p style=\"font-weight: 400;\">El jurista sostuvo que las disposiciones que regulan los procesos judiciales deben ser m\u00e1s rigurosas, para evitar que las personas acusadas de cometer delitos graves obtengan con facilidad la libertad provisional o definitiva.<\/p>\n<p style=\"font-weight: 400;\">Alc\u00e1ntara se\u00f1al\u00f3 que para abordar estos aspectos ser\u00eda necesario revisar\u00a0las normas procesales,\u00a0particularmente en lo relativo a los derechos individuales y colectivos, de manera que las agencias de vigilancia, protecci\u00f3n, persecuci\u00f3n y sanci\u00f3n del delito cuenten con garant\u00edas para ejercer sus funciones frente al crimen organizado y otras formas de criminalidad.<\/p>\n<p style=\"font-weight: 400;\">Afirm\u00f3 que los par\u00e1metros de sanci\u00f3n est\u00e1n contemplados en el nuevo C\u00f3digo Penal, pero cuestion\u00f3 las libertades que, a su juicio, pueden derivarse de los procedimientos establecidos en la normativa procesal.<\/p>\n<p style=\"font-weight: 400;\">En ese sentido, se\u00f1al\u00f3 que el esquema actual puede generar condiciones que incentiven la comisi\u00f3n del delito, al establecer garant\u00edas que\u00a0\u00a0\u201cequiparan a quienes no infringen la ley con aquellos que resultan afectados por acciones contrarias a la normativa\u201d.<\/p>\n<p style=\"font-weight: 400;\">Plante\u00f3, adem\u00e1s, que debe revisarse el papel de los responsables de la vigilancia, persecuci\u00f3n y sanci\u00f3n del delito, de forma que la legislaci\u00f3n los comprometa a actuar de acuerdo con las responsabilidades que corresponden a todo servidor p\u00fablico.<\/p>\n<p style=\"font-weight: 400;\">El destacado abogado, polit\u00f3logo y comunicador resalt\u00f3 durante su ponencia que el crimen organizado y la delincuencia del siglo XXI representan un desaf\u00edo complejo, favorecido por la lentitud de las leyes, la corrupci\u00f3n institucional y el rezago tecnol\u00f3gico.<\/p>\n<p style=\"font-weight: 400;\">\u201cAnte esta realidad \u2014prosigui\u00f3\u2014, los Estados democr\u00e1ticos deben responder con firmeza, sin renunciar a sus principios fundamentales\u201d.<\/p>\n<p style=\"font-weight: 400;\">Agreg\u00f3 finalmente, que una legislaci\u00f3n robusta no es la que atropella los derechos ciudadanos, \u201csino la que utiliza la inteligencia, la tecnolog\u00eda, la reforma policial y la mano firme\u00a0contra la corrupci\u00f3n para combatir el crimen organizado\u201d.<\/p>\n","protected":false},"excerpt":{"rendered":"<p>PUERTO PLATA.-\u00a0El abogado y polit\u00f3logo Eddy Alc\u00e1ntara plante\u00f3\u00a0aqu\u00ed\u00a0la necesidad de introducir cambios en las normas procesales y leyes sectoriales, a fin de fortalecer la persecuci\u00f3n y sanci\u00f3n del delito y el crimen organizado. Durante su participaci\u00f3n en la segunda edici\u00f3n del Congreso Internacional de Derecho, celebrado en esta ciudad bajo el lema \u201cEstado constitucional, democracia &hellip;<\/p>\n","protected":false},"author":4,"featured_media":184589,"comment_status":"open","ping_status":"closed","sticky":false,"template":"","format":"standard","meta":{"_jetpack_newsletter_access":"","_jetpack_dont_email_post_to_subs":false,"_jetpack_newsletter_tier_id":0,"_jetpack_memberships_contains_paywalled_content":false,"_jetpack_feature_clip_id":0,"_jetpack_memberships_contains_paid_content":false,"footnotes":"","jetpack_publicize_message":"","jetpack_publicize_feature_enabled":true,"jetpack_social_post_already_shared":true,"jetpack_social_options":{"image_generator_settings":{"template":"highway","default_image_id":0,"font":"","enabled":false},"version":2},"jetpack_post_was_ever_published":false},"categories":[35],"tags":[],"class_list":["post-244287","post","type-post","status-publish","format-standard","has-post-thumbnail","hentry","category-economia-arte"],"jetpack_publicize_connections":[],"jetpack_featured_media_url":"https:\/\/primicias.net\/web\/wp-content\/uploads\/2025\/03\/Foto-1-Director-ejecutivo-de-Pro-Consumidor-Eddy-Alcantara-habla-en-el-encuentro-con-comerciantes-de-Boca-Chica.jpeg","jetpack_sharing_enabled":true,"_links":{"self":[{"href":"https:\/\/primicias.net\/web\/wp-json\/wp\/v2\/posts\/244287","targetHints":{"allow":["GET"]}}],"collection":[{"href":"https:\/\/primicias.net\/web\/wp-json\/wp\/v2\/posts"}],"about":[{"href":"https:\/\/primicias.net\/web\/wp-json\/wp\/v2\/types\/post"}],"author":[{"embeddable":true,"href":"https:\/\/primicias.net\/web\/wp-json\/wp\/v2\/users\/4"}],"replies":[{"embeddable":true,"href":"https:\/\/primicias.net\/web\/wp-json\/wp\/v2\/comments?post=244287"}],"version-history":[{"count":1,"href":"https:\/\/primicias.net\/web\/wp-json\/wp\/v2\/posts\/244287\/revisions"}],"predecessor-version":[{"id":244288,"href":"https:\/\/primicias.net\/web\/wp-json\/wp\/v2\/posts\/244287\/revisions\/244288"}],"wp:featuredmedia":[{"embeddable":true,"href":"https:\/\/primicias.net\/web\/wp-json\/wp\/v2\/media\/184589"}],"wp:attachment":[{"href":"https:\/\/primicias.net\/web\/wp-json\/wp\/v2\/media?parent=244287"}],"wp:term":[{"taxonomy":"category","embeddable":true,"href":"https:\/\/primicias.net\/web\/wp-json\/wp\/v2\/categories?post=244287"},{"taxonomy":"post_tag","embeddable":true,"href":"https:\/\/primicias.net\/web\/wp-json\/wp\/v2\/tags?post=244287"}],"curies":[{"name":"wp","href":"https:\/\/api.w.org\/{rel}","templated":true}]}}