{"id":244279,"date":"2026-08-31T10:24:23","date_gmt":"2026-08-31T14:24:23","guid":{"rendered":"https:\/\/primicias.net\/web\/?p=244279"},"modified":"2026-08-31T10:24:23","modified_gmt":"2026-08-31T14:24:23","slug":"inteligencia-artificial-gestion-financiera-y-macroeconomia-son-los-ejes-centrales-del-financial-summit-2026","status":"publish","type":"post","link":"https:\/\/primicias.net\/web\/inteligencia-artificial-gestion-financiera-y-macroeconomia-son-los-ejes-centrales-del-financial-summit-2026\/","title":{"rendered":"Inteligencia Artificial, Gesti\u00f3n Financiera y Macroeconom\u00eda son los ejes centrales del Financial Summit 2026"},"content":{"rendered":"<p style=\"font-weight: 400;\"><strong>Santo Domingo.-<\/strong>\u00a0La inteligencia artificial, la gesti\u00f3n financiera y la coyuntura macroecon\u00f3mica ser\u00e1n algunos de los principales ejes del\u00a0<strong>Financial Summit 2026<\/strong>, encuentro de alto nivel que se celebrar\u00e1 el pr\u00f3ximo\u00a0<strong>jueves 15 de octubre en el Hotel Real InterContinental de Santo Domingo<\/strong>.<\/p>\n<p style=\"font-weight: 400;\">La actividad reunir\u00e1 a profesionales, l\u00edderes y tomadores de decisiones vinculados a las finanzas, la econom\u00eda, las inversiones y la gesti\u00f3n corporativa, con el prop\u00f3sito de generar conversaciones estrat\u00e9gicas sobre el impacto de las nuevas tecnolog\u00edas, las oportunidades en el mercado de valores, as\u00ed como la situaci\u00f3n macroecon\u00f3mica y geopol\u00edtica, que inciden actualmente en el desarrollo y la competitividad de las empresas.<\/p>\n<figure id=\"attachment_244282\" aria-describedby=\"caption-attachment-244282\" style=\"width: 558px\" class=\"wp-caption alignnone\"><img loading=\"lazy\" decoding=\"async\" class=\"size-full wp-image-244282\" src=\"https:\/\/primicias.net\/web\/wp-content\/uploads\/2026\/08\/Gervasio-Guareschi-EY-Americas.png\" alt=\"\" width=\"558\" height=\"960\" srcset=\"https:\/\/primicias.net\/web\/wp-content\/uploads\/2026\/08\/Gervasio-Guareschi-EY-Americas.png 558w, https:\/\/primicias.net\/web\/wp-content\/uploads\/2026\/08\/Gervasio-Guareschi-EY-Americas-174x300.png 174w\" sizes=\"auto, (max-width: 558px) 100vw, 558px\" \/><figcaption id=\"caption-attachment-244282\" class=\"wp-caption-text\">Gervasio Guareschi, EY Americas<\/figcaption><\/figure>\n<p style=\"font-weight: 400;\">Como parte de su agenda matutina, el Financial Summit 2026 desarrollar\u00e1 un panel sobre el mercado de capitales, con la participaci\u00f3n de\u00a0<strong>Elianne V\u00edlchez<\/strong>, vicepresidenta ejecutiva de la Bolsa de Valores de la Rep\u00fablica Dominicana;\u00a0<strong>Felipe Amador<\/strong>, CEO de Advanced Asset Management;\u00a0<strong>Luis Santana<\/strong>, CEO de Latitude Investments;\u00a0<strong>Katty Cepeda<\/strong>, presidenta ejecutiva de la Asociaci\u00f3n de Puestos de Bolsa, y\u00a0<strong>Gregory Salcedo<\/strong>, socio s\u00e9nior de Strategy Partners.<\/p>\n<p style=\"font-weight: 400;\">Las perspectivas de la econom\u00eda dominicana ser\u00e1n analizadas por los economistas\u00a0<strong>Ra\u00fal Ovalle, Jaime Aristy Escuder, P\u00e1vel Isa Contreras y Miguel Collado<\/strong>, bajo la moderaci\u00f3n de la consultora econ\u00f3mica y financiera\u00a0<strong>Ana Julia Sierra<\/strong>.<\/p>\n<figure id=\"attachment_244281\" aria-describedby=\"caption-attachment-244281\" style=\"width: 812px\" class=\"wp-caption alignnone\"><img loading=\"lazy\" decoding=\"async\" class=\"size-full wp-image-244281\" src=\"https:\/\/primicias.net\/web\/wp-content\/uploads\/2026\/08\/Raul-Ovalle-Economista.jpg\" alt=\"\" width=\"812\" height=\"900\" srcset=\"https:\/\/primicias.net\/web\/wp-content\/uploads\/2026\/08\/Raul-Ovalle-Economista.jpg 812w, https:\/\/primicias.net\/web\/wp-content\/uploads\/2026\/08\/Raul-Ovalle-Economista-271x300.jpg 271w, https:\/\/primicias.net\/web\/wp-content\/uploads\/2026\/08\/Raul-Ovalle-Economista-768x851.jpg 768w\" sizes=\"auto, (max-width: 812px) 100vw, 812px\" \/><figcaption id=\"caption-attachment-244281\" class=\"wp-caption-text\">Rau\u0301l Ovalle, Economista<\/figcaption><\/figure>\n<p style=\"font-weight: 400;\">Otro de los segmentos destacados ser\u00e1 el panel\u00a0<strong>\u201cAgenda del CFO ante el entorno actual\u201d<\/strong>, en el que participar\u00e1n\u00a0<strong>Jean Paul Quir\u00f3z<\/strong>, vicepresidente de Administraci\u00f3n y Finanzas de Grupo Humano;\u00a0<strong>Santiago Burgos<\/strong>, vicepresidente de Administraci\u00f3n y Finanzas de El Catador, y\u00a0<strong>Miguel Huller<\/strong>, vicepresidente s\u00e9nior de Finanzas, Estrategia y Servicios Compartidos de la Asociaci\u00f3n Popular de Ahorros y Pr\u00e9stamos.<\/p>\n<p style=\"font-weight: 400;\">La programaci\u00f3n vespertina estar\u00e1 dedicada especialmente a la inteligencia artificial, la ciberseguridad empresarial y las nuevas tecnolog\u00edas aplicadas a la gesti\u00f3n financiera, \u00e1reas que est\u00e1n redefiniendo la toma de decisiones, la protecci\u00f3n de la informaci\u00f3n y los modelos de operaci\u00f3n de las organizaciones.<\/p>\n<figure id=\"attachment_244280\" aria-describedby=\"caption-attachment-244280\" style=\"width: 678px\" class=\"wp-caption alignnone\"><img loading=\"lazy\" decoding=\"async\" class=\"size-full wp-image-244280\" src=\"https:\/\/primicias.net\/web\/wp-content\/uploads\/2026\/08\/Eugene-A.-Rault-Grullon-Soluciones-Digitales-Popular.png\" alt=\"\" width=\"678\" height=\"968\" srcset=\"https:\/\/primicias.net\/web\/wp-content\/uploads\/2026\/08\/Eugene-A.-Rault-Grullon-Soluciones-Digitales-Popular.png 678w, https:\/\/primicias.net\/web\/wp-content\/uploads\/2026\/08\/Eugene-A.-Rault-Grullon-Soluciones-Digitales-Popular-210x300.png 210w\" sizes=\"auto, (max-width: 678px) 100vw, 678px\" \/><figcaption id=\"caption-attachment-244280\" class=\"wp-caption-text\">Eugene A. Rau\u0301lt Grullo\u0301n, Soluciones Digitales Popular<\/figcaption><\/figure>\n<p style=\"font-weight: 400;\">El\u00a0<strong>Financial Summit 2026<\/strong>\u00a0espera recibir alrededor de\u00a0<strong>300 participantes<\/strong>, entre directores financieros, CFO, tesoreros corporativos, profesionales de la banca y las inversiones, economistas, analistas, auditores, gestores de riesgos, consultores, ejecutivos del sector real, funcionarios p\u00fablicos y emprendedores.<\/p>\n<p style=\"font-weight: 400;\">Los interesados en participar en esta experiencia de conocimiento y actualizaci\u00f3n estrat\u00e9gica pueden consultar la agenda e inscribirse a trav\u00e9s del portal oficial\u00a0\u00a0<a href=\"http:\/\/www.financialsummitrd.com\/\" data-saferedirecturl=\"https:\/\/www.google.com\/url?q=http:\/\/www.financialsummitrd.com&amp;source=gmail&amp;ust=1788264118016000&amp;usg=AOvVaw0dngl-OaVzBuZAvaOwgIVa\">www.financialsummitrd.com<\/a><\/p>\n","protected":false},"excerpt":{"rendered":"<p>Santo Domingo.-\u00a0La inteligencia artificial, la gesti\u00f3n financiera y la coyuntura macroecon\u00f3mica ser\u00e1n algunos de los principales ejes del\u00a0Financial Summit 2026, encuentro de alto nivel que se celebrar\u00e1 el pr\u00f3ximo\u00a0jueves 15 de octubre en el Hotel Real InterContinental de Santo Domingo. La actividad reunir\u00e1 a profesionales, l\u00edderes y tomadores de decisiones vinculados a las finanzas, la &hellip;<\/p>\n","protected":false},"author":4,"featured_media":244283,"comment_status":"open","ping_status":"closed","sticky":false,"template":"","format":"standard","meta":{"_jetpack_newsletter_access":"","_jetpack_dont_email_post_to_subs":false,"_jetpack_newsletter_tier_id":0,"_jetpack_memberships_contains_paywalled_content":false,"_jetpack_feature_clip_id":0,"_jetpack_memberships_contains_paid_content":false,"footnotes":"","jetpack_publicize_message":"","jetpack_publicize_feature_enabled":true,"jetpack_social_post_already_shared":true,"jetpack_social_options":{"image_generator_settings":{"template":"highway","default_image_id":0,"font":"","enabled":false},"version":2},"jetpack_post_was_ever_published":false},"categories":[35],"tags":[],"class_list":["post-244279","post","type-post","status-publish","format-standard","has-post-thumbnail","hentry","category-economia-arte"],"jetpack_publicize_connections":[],"jetpack_featured_media_url":"https:\/\/primicias.net\/web\/wp-content\/uploads\/2026\/08\/Elianne-Vilchez-BVRD-e1788186223505.png","jetpack_sharing_enabled":true,"_links":{"self":[{"href":"https:\/\/primicias.net\/web\/wp-json\/wp\/v2\/posts\/244279","targetHints":{"allow":["GET"]}}],"collection":[{"href":"https:\/\/primicias.net\/web\/wp-json\/wp\/v2\/posts"}],"about":[{"href":"https:\/\/primicias.net\/web\/wp-json\/wp\/v2\/types\/post"}],"author":[{"embeddable":true,"href":"https:\/\/primicias.net\/web\/wp-json\/wp\/v2\/users\/4"}],"replies":[{"embeddable":true,"href":"https:\/\/primicias.net\/web\/wp-json\/wp\/v2\/comments?post=244279"}],"version-history":[{"count":1,"href":"https:\/\/primicias.net\/web\/wp-json\/wp\/v2\/posts\/244279\/revisions"}],"predecessor-version":[{"id":244284,"href":"https:\/\/primicias.net\/web\/wp-json\/wp\/v2\/posts\/244279\/revisions\/244284"}],"wp:featuredmedia":[{"embeddable":true,"href":"https:\/\/primicias.net\/web\/wp-json\/wp\/v2\/media\/244283"}],"wp:attachment":[{"href":"https:\/\/primicias.net\/web\/wp-json\/wp\/v2\/media?parent=244279"}],"wp:term":[{"taxonomy":"category","embeddable":true,"href":"https:\/\/primicias.net\/web\/wp-json\/wp\/v2\/categories?post=244279"},{"taxonomy":"post_tag","embeddable":true,"href":"https:\/\/primicias.net\/web\/wp-json\/wp\/v2\/tags?post=244279"}],"curies":[{"name":"wp","href":"https:\/\/api.w.org\/{rel}","templated":true}]}}