{"id":244262,"date":"2026-08-31T01:21:19","date_gmt":"2026-08-31T05:21:19","guid":{"rendered":"https:\/\/primicias.net\/web\/?p=244262"},"modified":"2026-08-30T21:25:33","modified_gmt":"2026-08-31T01:25:33","slug":"enterate-ny-6","status":"publish","type":"post","link":"https:\/\/primicias.net\/web\/enterate-ny-6\/","title":{"rendered":"Ent\u00e9rate NY"},"content":{"rendered":"<p><b>Periodismo Informativo y Cr\u00edtico al Servicio de la Comunidad<\/b><\/p>\n<p><b>\u25baA nuestros lectores:<\/b>\u00a0Esta columna lo establece bien claro con su lema:\u00a0<b>Informativo<\/b>\u00a0<b>=<\/b>\u00a0Dar a conocer una noticia, transmitir datos o hacer saber algo a alguien.\u00a0<b>Cr\u00edtico\u00a0=\u00a0<\/b>Valoraci\u00f3n de manera p\u00fablica sobre una obra, espect\u00e1culo o un tema.\u00a0<b>No somos analistas<\/b>\u00a0<b>=<\/b>\u00a0Examen detallado y minucioso de un objeto, texto, dato o situaci\u00f3n mediante la separaci\u00f3n de sus partes para comprender su estructura, funcionamiento y elementos constituyentes, que hay buenos connacionales en esa \u00e1rea en NY.<\/p>\n<p><b>\u25baPanorama de la pol\u00edtica USA en NY:<\/b><b>\u00a0<\/b>La gobernadora de NY, Kathy Hochul, que busca la reelecci\u00f3n, enfrenta al republicano Bruce Blakeman, respaldado por el presidente Donald Trump. La gobernadora le lleva 10 punto, seg\u00fan la \u00faltima encuesta de la Universidad de Siena. En los \u00faltimos dos meses Blakeman ha reducido a la mitad la ventaja de la gobernadora, seg\u00fan Siena. Hochul quiere demostrar que puede ser una candidata y ayudar a su partido a recuperar el control de la C\u00e1mara de Representantes.<b>\u00a0\u201c<\/b>Hay mucho en juego para los dem\u00f3cratas moderados; a diferencia de algunos que intentan frenar el avance de los socialistas\u201d, ha dicho. Hochul ha adoptado una postura inclusiva dentro del partido. \u201cCreo que el partido es amplio, inmenso, pero a\u00fan hay mucha gente fuera de nuestras \u00e1reas urbanas que se considera dem\u00f3crata m\u00e1s tradicional. \u201cPero si, en ciertos distritos la ideolog\u00eda socialista democr\u00e1tica resulta m\u00e1s atractiva y creen que representa algo que quieren apoyar, mi trabajo es lograr que todo funcione. Trabajo con todos, con quien los votantes prefieran. En general, dir\u00eda que el mayor desaf\u00edo es simplemente tener que desenvolverse y, adem\u00e1s, lograr avances significativos, lo que a veces genera conflictos. No me importa el conflicto si el resultado es mejor para los neoyorquinos que el statu quo. Espero que el alcalde, Zohran Mamdani, me ayude en la campa\u00f1a de reelecci\u00f3n este a\u00f1o; un apoyo que podr\u00eda consolidar la base de j\u00f3venes partidarios de izquierda que lo impulsaron al Ayuntamiento. Creo que ser\u00e1 de gran ayuda\u201d, precisa Hochul. Que la gobernadora haga campa\u00f1a junto a Mamdani refleja la continua popularidad del alcalde entre los votantes a menos de un a\u00f1o de haber asumido el cargo, y un reconocimiento por parte de Hochul de esa destreza pol\u00edtica. \u00a1Ay!<\/p>\n<p><img loading=\"lazy\" decoding=\"async\" class=\"alignnone size-full wp-image-244263\" src=\"https:\/\/primicias.net\/web\/wp-content\/uploads\/2026\/08\/Parrafo-2.-Panorama-de-la-politica-USA-en-NY.jpg\" alt=\"\" width=\"499\" height=\"330\" srcset=\"https:\/\/primicias.net\/web\/wp-content\/uploads\/2026\/08\/Parrafo-2.-Panorama-de-la-politica-USA-en-NY.jpg 499w, https:\/\/primicias.net\/web\/wp-content\/uploads\/2026\/08\/Parrafo-2.-Panorama-de-la-politica-USA-en-NY-300x198.jpg 300w\" sizes=\"auto, (max-width: 499px) 100vw, 499px\" \/><\/p>\n<p><b>\u25ba\u00bfCandidato al Congreso D-13-NY?:<\/b>\u00a0Circula en redes sociales un mensaje gr\u00e1fico con las frases: \u201cYdanis Rodr\u00edguez, camino al Congreso\u201d y \u201cCongresista por el Distrito 13-NY-<b>2028<\/b>\u201d.\u00a0<span lang=\"EN-US\">El D-13 incluye los sectores de Washington Heights, Inwood, Hamilton Heights, Morningside Heights y Harlem en Manhattan. En El Bronx, a Bedford Park, Jerome Park, Kingsbridge Heights y partes de Norwood, Fordham, Kingsbridge, Morris Heights y University Heights.\u00a0<\/span>Cada uno de estos vecindarios cuenta con decenas de miles de votantes dominicanos, cifra capaz de definir cualquier elecci\u00f3n federal, estatal o local.\u00a0<b>Ent\u00e9rate NY<\/b>\u00a0intent\u00f3 comunicarse con el profesor, exconcejal y excomisionado del Departamento de Transporte NYC, pero no fue posible obtener su reacci\u00f3n. Seguiremos insistiendo. Asimismo, diversas fuentes informaron a\u00a0<b>Ent\u00e9rate NY<\/b>\u00a0que Rodr\u00edguez camin\u00f3 por la concurrida calle de Dyckman, en el Alto Manhattan, donde recibi\u00f3 numerosas muestras de apoyo; convers\u00f3 con residentes, comerciantes y escuch\u00f3 m\u00faltiples solicitudes para que lance su candidatura. \u00a1Ay, ay, ay!<\/p>\n<p><img loading=\"lazy\" decoding=\"async\" class=\"alignnone size-full wp-image-244267\" src=\"https:\/\/primicias.net\/web\/wp-content\/uploads\/2026\/08\/Parrafo-3.-Candidato-al-Congreso-D-13-NY.jpg\" alt=\"\" width=\"580\" height=\"328\" srcset=\"https:\/\/primicias.net\/web\/wp-content\/uploads\/2026\/08\/Parrafo-3.-Candidato-al-Congreso-D-13-NY.jpg 580w, https:\/\/primicias.net\/web\/wp-content\/uploads\/2026\/08\/Parrafo-3.-Candidato-al-Congreso-D-13-NY-300x170.jpg 300w, https:\/\/primicias.net\/web\/wp-content\/uploads\/2026\/08\/Parrafo-3.-Candidato-al-Congreso-D-13-NY-390x220.jpg 390w\" sizes=\"auto, (max-width: 580px) 100vw, 580px\" \/><\/p>\n<p><b>\u25ba En el PLD:<\/b>\u00a0Nos escriben desde el Alto Manhattan. Ni quito ni pongo. \u201cAlgo huele mal en Dinamarca\u201d\u00a0<b>=<\/b>\u00a0Frase que se usa para indicar que hay algo turbio o sospechoso. Diiicen que, en el PLD, al parecer, se vive una situaci\u00f3n similar en torno a la consulta interna para el pr\u00f3ximo 18 de octubre. En El Bronx y Washington Heights se comenta que un peque\u00f1o grupo dentro del partido tendr\u00eda inter\u00e9s en abortar ese proceso para frenar la aspiraci\u00f3n presidencial de Francisco Javier Garc\u00eda, invencible. Se ha planteado lo siguiente: \u201cLo que pasa es que ni Abel ni Gonzalo estar\u00edan de acuerdo en participar en esa convocatoria de octubre. Y si es as\u00ed, estar\u00edamos enterrando desde ya al PLD con una nueva divisi\u00f3n\u201d. \u00bfCu\u00e1l es la prisa que tiene el PLD en realizar una consulta fuera de los plazos establecidos? \u201cEl sistema de primarias vigente est\u00e1 ah\u00ed, esperando los plazos\u201d. \u201cNo veo la necesidad de hacer unas preprimarias.\u201d (<i>Jos\u00e9 Tom\u00e1s P\u00e9rez, exsenador del Distrito Nacional, miembro del Comit\u00e9 Pol\u00edtico -CC- y exembajador de la RD en EUA. 27 de agosto de 2026<\/i>).\u00a0\u00a0<b>Ver:\u00a0<\/b><a href=\"https:\/\/elpregonerord.com\/jose-tomas-perez-revela-que-gonzalo-castillo-no-quiere-participar-en-consulta-de-octubre-del-pld\/\" target=\"_blank\" rel=\"nofollow noopener\" data-saferedirecturl=\"https:\/\/www.google.com\/url?q=https:\/\/elpregonerord.com\/jose-tomas-perez-revela-que-gonzalo-castillo-no-quiere-participar-en-consulta-de-octubre-del-pld\/&amp;source=gmail&amp;ust=1788221127489000&amp;usg=AOvVaw2cnvxKafAgbn9FsVeWfGZ-\">https:\/\/<wbr \/>elpregonerord.com\/jose-tomas-<wbr \/>perez-revela-que-gonzalo-<wbr \/>castillo-no-quiere-participar-<wbr \/>en-consulta-de-octubre-del-<wbr \/>pld\/<\/a>\u00a0<b>Luego,\u00a0<\/b>el equipo pol\u00edtico de Gonzalo neg\u00f3 lo dicho por Tom\u00e1s P\u00e9rez, y asegura que Gonzalo contin\u00faa trabajando de cara al proceso.<\/p>\n<div><img loading=\"lazy\" decoding=\"async\" class=\"alignnone size-full wp-image-244266\" src=\"https:\/\/primicias.net\/web\/wp-content\/uploads\/2026\/08\/Parrafo-4.-En-el-PLD.jpg\" alt=\"\" width=\"282\" height=\"389\" srcset=\"https:\/\/primicias.net\/web\/wp-content\/uploads\/2026\/08\/Parrafo-4.-En-el-PLD.jpg 282w, https:\/\/primicias.net\/web\/wp-content\/uploads\/2026\/08\/Parrafo-4.-En-el-PLD-217x300.jpg 217w\" sizes=\"auto, (max-width: 282px) 100vw, 282px\" \/><\/div>\n<div dir=\"ltr\">\n<p><b>\u25ba Una cosa es con guitarra y otra con viol\u00edn:<\/b>\u00a0Sentencia pueblerina que significa que lo que se dice o promete en teor\u00eda suele ser muy diferente de lo que ocurre al llevarlo a la pr\u00e1ctica. Asimismo, Juan Bosch planteaba que, \u201cen pol\u00edtica, las intenciones ocultas, los acuerdos silenciosos y las estructuras invisibles suelen definir el poder real mucho m\u00e1s que los actos p\u00fablicos y evidentes\u201d. Opin\u00f3logos y sabi\u00f3logos de la pol\u00edtica vern\u00e1cula dominicana en NYC debaten, en espacios p\u00fablicos, sobre lo que consideran situaciones cuestionables dentro del PLD, y hablan de que podr\u00eda producirse el beso de Judas.\u00a0<b>Ver =<\/b>\u00a0\u201cAfirman que en el PLD est\u00e1n tratando de buscar la quinta pata al gato ante la segura candidatura presidencial de FJG\u201d.\u00a0<b>Ver =<\/b>\u00a0<a href=\"https:\/\/actualidadneoyorkina.com\/?p=11090\" target=\"_blank\" rel=\"nofollow noopener\" data-saferedirecturl=\"https:\/\/www.google.com\/url?q=https:\/\/actualidadneoyorkina.com\/?p%3D11090&amp;source=gmail&amp;ust=1788221127490000&amp;usg=AOvVaw1qGW9rryH5YQe77O_c2Y-p\">https:\/\/actualidadneoyorkina.<wbr \/>com\/?p=11090<\/a>\u00a0Asimismo, ha generado comentarios el planteamiento p\u00fablico del reconocido analista Kalil Michel, expresado por TV, de que en el PLD coexisten tres agendas distintas:\u00a01-\u00a0Danilo, sobrevivir.\u00a02-\u00a0Gonzalo, resolver.\u00a03-\u00a0Francisco Javier, volver al poder.\u00a0<b>Ver =<\/b>\u00a0<a href=\"https:\/\/elpregonerord.com\/kalil-michel-cuestiona-al-pld-se-hunde-con-gonzalo-o-vuelve-al-poder-con-francisco-javier\/\" target=\"_blank\" rel=\"nofollow noopener\" data-saferedirecturl=\"https:\/\/www.google.com\/url?q=https:\/\/elpregonerord.com\/kalil-michel-cuestiona-al-pld-se-hunde-con-gonzalo-o-vuelve-al-poder-con-francisco-javier\/&amp;source=gmail&amp;ust=1788221127490000&amp;usg=AOvVaw2LZydsXXpuyyZsCg_Yvulw\">https:\/\/elpregonerord.com\/<wbr \/>kalil-michel-cuestiona-al-pld-<wbr \/>se-hunde-con-gonzalo-o-vuelve-<wbr \/>al-poder-con-francisco-javier\/<\/a>\u00a0\u00a0\u00a0Estas consideraciones han provocado continuos debates en NYC entre analist\u00f3logos y miembros de la comunidad dominicana, donde el cuchicheo pol\u00edtico es frecuente. \u00a1Bueeeno!<\/p>\n<p><img loading=\"lazy\" decoding=\"async\" class=\"alignnone size-full wp-image-244265\" src=\"https:\/\/primicias.net\/web\/wp-content\/uploads\/2026\/08\/Parrafo-5.-Una-cosa-es-con-guitarra-y-otra-con-violin.jpg\" alt=\"\" width=\"443\" height=\"472\" srcset=\"https:\/\/primicias.net\/web\/wp-content\/uploads\/2026\/08\/Parrafo-5.-Una-cosa-es-con-guitarra-y-otra-con-violin.jpg 443w, https:\/\/primicias.net\/web\/wp-content\/uploads\/2026\/08\/Parrafo-5.-Una-cosa-es-con-guitarra-y-otra-con-violin-282x300.jpg 282w\" sizes=\"auto, (max-width: 443px) 100vw, 443px\" \/><\/p>\n<\/div>\n<p><b>\u25ba \u201cNo son todos los que est\u00e1n, ni est\u00e1n todos los que son\u201d:<\/b>\u00a0Se\u00f1ala que faltan quienes deber\u00edan estar y sobran quienes no. Diiicen en los corrillos pol\u00edticos de los \u201cnuevayores\u201d que dentro del PLD en el exterior se mueven fichas para que no se celebre la consulta interna del 18 de octubre. Aseguran que esa dirigencia sabe que no tiene los votos suficientes en el Comit\u00e9 Central (CC). \u00bfHabr\u00e1 sido ese el verdadero motivo de una comisi\u00f3n viajar y visitar varios estados y otros pa\u00edses?, se preguntan algunos. Otros apuntan \u201csi se baj\u00f3 l\u00ednea de manera soterrada y sutil por \u00f3rdenes superiores, mediante llamadas telef\u00f3nicas personales\u201d. En muchos lugares, incluido NY, todo marcha &#8230; aparentemente bien. Sin embargo, surgen interrogantes: \u00bfhabr\u00e1 que asistir con \u201cnotarios p\u00fablicos\u201d a cada local para dar fe del proceso transparente y real para dejar constancia legal? \u00bfEstar\u00e1n jugando las dos cabezas? \u00a1Ay, ay, ay!<\/p>\n<p><b>\u25baUn valor dominicano en NY:<\/b>\u00a0La Fundaci\u00f3n Benjam\u00edn Vargas, creada y presidida en esta ciudad por su propio hom\u00f3nimo, contin\u00faa realizando una labor social encomiable en el municipio de Vicente Noble, en el sur de la RD, donde desde hace a\u00f1os presta servicios humanitarios. Benjam\u00edn Vargas reside en NY desde hace d\u00e9cadas. Amante del deporte, se distingue por orientar y aconsejar a los j\u00f3venes, promoviendo el respeto hacia sus padres y los mayores. Adem\u00e1s, dirige su propio establecimiento, Juanito&#8217;s Barber Shop, ubicado en el 2724 de Broadway, esquina calle 104 en Manhattan. Tel\u00e9fono\u00a0<a href=\"tel:(212)%20316-2515\" target=\"_blank\" rel=\"noopener\">212-316-2515<\/a>. All\u00ed se re\u00fanen con frecuencia numerosos compatriotas para coordinar los pr\u00f3ximos pasos de la Fundaci\u00f3n en beneficio de sus compueblanos. Con su trabajo solidario y su compromiso comunitario, pone en alto la bandera tricolor en tierras extranjeras.\u00a0Si usted lo ve caminar por ah\u00ed, como lo hace de costumbre, d\u00edgale: \u201cBenjam\u00edn, usted es un valor dominicano en NY\u201d.<\/p>\n<p><img loading=\"lazy\" decoding=\"async\" class=\"alignnone size-full wp-image-244264\" src=\"https:\/\/primicias.net\/web\/wp-content\/uploads\/2026\/08\/Parrafo-7.-Un-valor-dominicano-en-NY-.jpg\" alt=\"\" width=\"326\" height=\"435\" srcset=\"https:\/\/primicias.net\/web\/wp-content\/uploads\/2026\/08\/Parrafo-7.-Un-valor-dominicano-en-NY-.jpg 326w, https:\/\/primicias.net\/web\/wp-content\/uploads\/2026\/08\/Parrafo-7.-Un-valor-dominicano-en-NY--225x300.jpg 225w\" sizes=\"auto, (max-width: 326px) 100vw, 326px\" \/><\/p>\n<p><b>\u25baServicio comunitario:<\/b>\u00a0\u00bfSe le complica usar el celular, abrir una cuenta, completar formularios digitales o reconocer una estafa? Asistencia gratuita. No es necesario registrarse. M\u00e1s informaci\u00f3n\u00a0<b>=<\/b>\u00a0<a href=\"https:\/\/www.nypl.org\/community\/resources\/neighborhood-tech-help\" target=\"_blank\" rel=\"nofollow noopener\" data-saferedirecturl=\"https:\/\/www.google.com\/url?q=https:\/\/www.nypl.org\/community\/resources\/neighborhood-tech-help&amp;source=gmail&amp;ust=1788221127490000&amp;usg=AOvVaw2mckUFBWcyQxA0XjETH-gH\">https:\/\/www.nypl.org\/<wbr \/>community\/resources\/<wbr \/>neighborhood-tech-help<\/a><\/p>\n<p><b>\u25ba Cultura General:<\/b>\u00a0Laguna Gri-Gri, R\u00edo San Juan, en el nordeste de la RD. A unos 100 kil\u00f3metros de Puerto Plata. De agua dulce y llega al mar por un canal estrecho de 1 kil\u00f3metro abierto en un bosque de mangle rojo. Registra 13 especies de aves, entre ellas el pel\u00edcano pardo, la garza rojiza y el cig\u00fcita canario de La Espa\u00f1ola. Los paseos en bote paran en la Cueva de las Golondrinas, frente a una ensenada turquesa y poco profunda, y terminan en Playa Calet\u00f3n.<\/p>\n<p><b>\u25baSalud:<\/b>\u00a0Que las enc\u00edas sangren al cepillarse no deber\u00eda considerarse normal ni una molestia sin importancia. Cuando el sangrado es recurrente o persiste en el tiempo, puede ser una se\u00f1al de inflamaci\u00f3n gingival y, en algunos casos, el primer aviso de una gingivitis, o bien de una periodontitis, una enfermedad que, si no se trata, puede llegar a provocar la p\u00e9rdida de dientes.<\/p>\n<p>\u25baCita:\u00a0\u201cLos hombres de Estado son como los cirujanos; sus errores son mortales.\u201d (Francois Mauriac, periodista, cr\u00edtico y escritor franc\u00e9s.)<\/p>\n<p><b>\u25baD\u00f3lar y Euro hasta este domingo 23:<\/b>\u00a0Compra del d\u00f3lar = $57.44 y venta = $59.50; Compra euro = $66.52 y venta = $69.83<\/p>\n<p><b>\u25baPrecios combustibles:<\/b>\u00a0Del 29 de agosto al 4 de septiembre:\u00a0Gasolina Premium = $341.10 Gasolina Regular = $310.50; Gasoil Optimo = $293.10; Gasoil Regular = $262.80; Gas licuado = $135.20;\u00a0Gas natural = $43.97; cilindros de 100 libras =\u00a0$3,380.07; de 50 libras = $1,690.04;\u00a0de 25 libras = $845.02 de 15 libras = $507.01.<\/p>\n<p>&nbsp;<\/p>\n<p><b>\u25baPara comunicarse con nosotros:<\/b>\u00a0<a href=\"mailto:santodomingoaldia@yahoo.com\" target=\"_blank\" rel=\"nofollow noopener\">santodomingoaldia@<wbr \/>yahoo.com<\/a><\/p>\n","protected":false},"excerpt":{"rendered":"<p>Periodismo Informativo y Cr\u00edtico al Servicio de la Comunidad \u25baA nuestros lectores:\u00a0Esta columna lo establece bien claro con su lema:\u00a0Informativo\u00a0=\u00a0Dar a conocer una noticia, transmitir datos o hacer saber algo a alguien.\u00a0Cr\u00edtico\u00a0=\u00a0Valoraci\u00f3n de manera p\u00fablica sobre una obra, espect\u00e1culo o un tema.\u00a0No somos analistas\u00a0=\u00a0Examen detallado y minucioso de un objeto, texto, dato o situaci\u00f3n mediante &hellip;<\/p>\n","protected":false},"author":11,"featured_media":213742,"comment_status":"open","ping_status":"closed","sticky":false,"template":"","format":"standard","meta":{"_jetpack_newsletter_access":"","_jetpack_dont_email_post_to_subs":false,"_jetpack_newsletter_tier_id":0,"_jetpack_memberships_contains_paywalled_content":false,"_jetpack_feature_clip_id":0,"_jetpack_memberships_contains_paid_content":false,"footnotes":"","jetpack_publicize_message":"","jetpack_publicize_feature_enabled":true,"jetpack_social_post_already_shared":true,"jetpack_social_options":{"image_generator_settings":{"template":"highway","default_image_id":0,"font":"","enabled":false},"version":2},"jetpack_post_was_ever_published":false},"categories":[49],"tags":[],"class_list":["post-244262","post","type-post","status-publish","format-standard","has-post-thumbnail","hentry","category-opinion"],"jetpack_publicize_connections":[],"jetpack_featured_media_url":"https:\/\/primicias.net\/web\/wp-content\/uploads\/2026\/03\/Foto-de-ahora-columna.jpg","jetpack_sharing_enabled":true,"_links":{"self":[{"href":"https:\/\/primicias.net\/web\/wp-json\/wp\/v2\/posts\/244262","targetHints":{"allow":["GET"]}}],"collection":[{"href":"https:\/\/primicias.net\/web\/wp-json\/wp\/v2\/posts"}],"about":[{"href":"https:\/\/primicias.net\/web\/wp-json\/wp\/v2\/types\/post"}],"author":[{"embeddable":true,"href":"https:\/\/primicias.net\/web\/wp-json\/wp\/v2\/users\/11"}],"replies":[{"embeddable":true,"href":"https:\/\/primicias.net\/web\/wp-json\/wp\/v2\/comments?post=244262"}],"version-history":[{"count":1,"href":"https:\/\/primicias.net\/web\/wp-json\/wp\/v2\/posts\/244262\/revisions"}],"predecessor-version":[{"id":244268,"href":"https:\/\/primicias.net\/web\/wp-json\/wp\/v2\/posts\/244262\/revisions\/244268"}],"wp:featuredmedia":[{"embeddable":true,"href":"https:\/\/primicias.net\/web\/wp-json\/wp\/v2\/media\/213742"}],"wp:attachment":[{"href":"https:\/\/primicias.net\/web\/wp-json\/wp\/v2\/media?parent=244262"}],"wp:term":[{"taxonomy":"category","embeddable":true,"href":"https:\/\/primicias.net\/web\/wp-json\/wp\/v2\/categories?post=244262"},{"taxonomy":"post_tag","embeddable":true,"href":"https:\/\/primicias.net\/web\/wp-json\/wp\/v2\/tags?post=244262"}],"curies":[{"name":"wp","href":"https:\/\/api.w.org\/{rel}","templated":true}]}}