{"id":201406,"date":"2025-10-11T10:53:40","date_gmt":"2025-10-11T14:53:40","guid":{"rendered":"https:\/\/primicias.net\/web\/?p=201406"},"modified":"2025-10-11T11:00:00","modified_gmt":"2025-10-11T15:00:00","slug":"noviembre-2025-y-el-32-aniversario-de-primicias","status":"publish","type":"post","link":"https:\/\/primicias.net\/web\/noviembre-2025-y-el-32-aniversario-de-primicias\/","title":{"rendered":"Noviembre 2025 y  el  32 aniversario de Primicias"},"content":{"rendered":"<p>El peri\u00f3dico Primicias, semanario impreso y diario\u00a0 digital, de Multimedios Primicias de Rep\u00fablica Dominicana, arriba a 32 a\u00f1os de fundado, con trascendentales aportes a la democracia pol\u00edtica y econ\u00f3mica.<\/p>\n<p>Un medio que naci\u00f3 el 1 de noviembre de 1993, posterior al cierre del desaparecido peri\u00f3dico EL SOL, que desde 1971 hasta su cierre\u00a0 fue el medio en el cual el presidente-fundador de Primicias, Alex Jim\u00e9nez, fue editor econ\u00f3mico, asistente del director general y director ejecutivo, con un periodismo profesional y \u00e9tico entregado al desarrollo productivo nacional, redistribuci\u00f3n de la riqueza nacional y a las mejores causas de la naci\u00f3n.<\/p>\n<p>Primicias, es un medio de comunicaci\u00f3n plural y de credibilidad.<\/p>\n<p>El primer domingo de noviembre\u00a0 Primicias publicar\u00e1, como siempre, una mega edici\u00f3n con un contenido in\u00e9dito e impactante con\u00a0 trabajos de profundidad y las opiniones de valiosas voces que nos acompa\u00f1an.<\/p>\n<p>El segundo domingo, estar\u00e1 dedicado\u00a0 a la edici\u00f3n especial del 32 aniversario, resaltando temas de la historia de Primicias, sus batallas\u00a0 con un periodismo atrrevido y valiente, aportes a la sociedad dominicana y al mundo.No ha sido f\u00e1cil llegar a 32 a\u00f1os de existencia desarrollando un multimedios como Primicias sin la presencia de grupos econ\u00f3micos.<\/p>\n<p>Los domingos restantes de noviembre de 2025 lo utilizaremos en otras\u00a0 megas ediciones con ese periodismo de profundidad que caracteriza a Primicias.<\/p>\n<p>En su existencia Primicias se la ha jugado combatiendo el silencio y los ataques a medios de comunicaci\u00f3n y periodistas.<\/p>\n<p>Abordando los temas militares y policiales.<\/p>\n<p>Los grupos y pugnas dentro de los cuerpos armados.<\/p>\n<p>La tem\u00e1tica nacional e internacional con caricaturas de Daddy Romero.<\/p>\n<p>El poder,\u00a0 las fortunas de generales y otros altos oficiales.<\/p>\n<p>Lo que ocurri\u00f3 en la Liga Municipal Dominicana (LMD) con la imposici\u00f3n de Amable Aristy Castro y la represi\u00f3n contra el entonces presidente edel Senado, ingeniero Ram\u00f3n Alburquerque; el ex alcalde del Distrito Nacional, Johnny Ventura\u00a0 y figuras importantes del perrede\u00edsmo.<\/p>\n<p>La divisi\u00f3n del Partido Revolucionario Dominicano (PRM) y el surgimiento del Partido Revolucionario Moderno (PRM).<\/p>\n<p>Las frecuentes luchas sociales en reclamos de reivindicaciones y el uso de la fuerza represiva.<\/p>\n<p>Funcionarios de todos los gobiernos con proyectos presidenciales a destiempo.<\/p>\n<p>Los grandes casos de corrupci\u00f3n llevados a los tribunales.<\/p>\n<p>El impacto de la ambici\u00f3n de poder con proyectos reeleccionistas.<\/p>\n<p>Paso a paso, las elecciones, comunidad internacional y miles de observadores en las mesas electorales<\/p>\n<p>Fraudes y fracasos de empresas.<\/p>\n<p>Narcotr\u00e1tico, lavado de activos, financiamiento al terrorismo y los frecuentes esc\u00e1ndalos en\u00a0 la naci\u00f3n.<\/p>\n<p>La corrupci\u00f3n y el tr\u00e1fico de influencias.<\/p>\n<p>Las lluvias \u00e1cidas envenenanando el Cibao.<\/p>\n<p>La contaminaci\u00f3n de r\u00edos por empresas\u00a0 y el uso sin control del agua de la Presa de Hatillo.<\/p>\n<p>Lo que ocurri\u00f3 en 1994, un a\u00f1o despu\u00e9s del nacimiento de Primicias, cuando el pa\u00eds tuvo a punto de una guerra civil, momento hist\u00f3rico en el cual por segunda ocasi\u00f3n el ex presidente Jimmy Carter aport\u00f3 a la democracia dominicana.<\/p>\n<p>Repudiamos la represi\u00f3n\u00a0 militar y policial contra campesinos de Cotu\u00ed que defienden los \u00e1rboles y los r\u00edos.<\/p>\n<p>Nos oponemos a conspiraciones contra Loma Miranda.<\/p>\n<p>Al saqueo de los r\u00edos por parte de los areneros, amenazando el suministro de agua.<\/p>\n<p>Combatimos la delincuencia, atracos, robos, corruptgos, redes mafiosas, estafadores y a los ciberdelincuentes.<\/p>\n<p>La miner\u00eda da\u00f1ina.<\/p>\n<p>Los contratos lesivos al Estado.<\/p>\n<p>El espionaje contra medios de comunicaci\u00f3n, periodistas, empresarios, pol\u00edticos y otras personas.<\/p>\n<p>Las muertes a manos de agentes policiales y de\u00a0 delincuentes.<\/p>\n<p>OTROS TEMAS EN LA HISTORIA DE PRIMICIAS<\/p>\n<p>Las protestas comunitarias, los atracos y presiones para juicios pol\u00edticos en el Congreso Nacional.<\/p>\n<p>Respaldo a los clubes sociales, deportivos y recreativos.<\/p>\n<p>Al merengue, bachata, bolero y son dominicano<\/p>\n<p>La lucha del ex presidente Leonel Fern\u00e1ndez y el entonces aspirante presidencial Luis Abinader contra\u00a0 la modificaci\u00f3n constitucional e intento de una tercera repostulaci\u00f3n del ex presidente Danilo Medina.<\/p>\n<p>La divisi\u00f3n en el Partido de la Liberacion Dominicana (PLD), que motiv\u00f3 el nacimiento de la Fuerza del Pueblo.<\/p>\n<p>&nbsp;<\/p>\n<p>Con grandes espacios analizamos el poder de la\u00a0 Iglesia Cat\u00f3lica, luces, sombras.<\/p>\n<p>Reformas tributarias y reacci\u00f3n social.<\/p>\n<p>Turismo.<\/p>\n<p>Formaci\u00f3n t\u00e9cnica.<\/p>\n<p>Presupuesto general de la naci\u00f3n.<\/p>\n<p>Poderes Ejecutivo y Legislativo.<\/p>\n<p>Inversi\u00f3n y necesidades de provincias<\/p>\n<p>Ministerio P\u00fablico, Poder Judicial, universidades, Educaci\u00f3n primaria y secundaria<\/p>\n<p>Salud, hospitales, cl\u00ednicas, ciudades sanitarias.<\/p>\n<p>Las tres causales, C\u00f3digo Penal y el festival de pr\u00e9stamos que conoce y aprueba el Congreso Nacional.<\/p>\n<p>La fiscalidad local e internacional.<\/p>\n<p>Las remesas<\/p>\n<p>La inversion extranjera directa.<\/p>\n<p>D\u00e9ficits fiscales.Endeudamiento p\u00fablico, pesada carga para las finanzas p\u00fablicas, pago de intereses por la deuda.<\/p>\n<p>Gasto corriente<\/p>\n<p>Gasto de capital.<\/p>\n<p>Desempleo.<\/p>\n<p>Migraci\u00f3n de dominicanos a otros pa\u00edses.<\/p>\n<p>Tipo de cambio.<\/p>\n<p>Inflaci\u00f3n.<\/p>\n<p>Infraestructuras.<\/p>\n<p>Di\u00e1spora dominicana en el exterior<\/p>\n<p>Cambio clim\u00e1tico, ciclones, terremotos, derrumbes de edificios, muertes, da\u00f1os a familias<\/p>\n<p>Los grandes eventos que se llevan a cabo en el pa\u00eds.<\/p>\n<p>Financiamiento a los sectores productivos<\/p>\n<p>La situaci\u00f3n agropecuaria.<\/p>\n<p>El valor agregado a materias primas locales.<\/p>\n<p>Comercio y las mipymes.<\/p>\n<p>Cooperativas.<\/p>\n<p>Banca m\u00faltiple, asociaciones de ahorros y prestamos, bancos de ahorro y cr\u00e9dito, mercado de valores, superintendencias de Bancos, Seguros, Mercado de Valores,\u00a0 Pensiones, Salud y Riesgos Laborales, industria de la construcci\u00f3n, manufactura<\/p>\n<p>La seguridad social.<\/p>\n<p>Gastronom\u00eda.<\/p>\n<p>Econom\u00eda solidaria.<\/p>\n<p>Econom\u00eda naranja.<\/p>\n<p>Ferias Internacionales del Libro.<\/p>\n<p>Encuentros\u00a0 empresariales y comunidades.<\/p>\n<p>&nbsp;<\/p>\n<p>&nbsp;<\/p>\n<p>Aportando a la econom\u00eda social.<\/p>\n<p>Impulsando\u00a0 la industria nacional.<\/p>\n<p>Industria azucarera.<\/p>\n<p>Las micros, peque\u00f1as y medianas industrias que fortalecen la econom\u00eda de las diferentes comunidades.<\/p>\n<p>Abriendo su contenido a las voces que aportan al desarrollo nacional y defienden\u00a0 la libertad de expresi\u00f3n y difusion del pensamiento.<\/p>\n<p>Impulsando\u00a0 las inversiones\u00a0 para satgisfacer necesidades de las olvidadas comunidades de la nacion.<\/p>\n<p>La Responsabilidad social empresarial\u00a0 y la labor de las organizaciones no gubernamentales.<\/p>\n<p>Aportes de REFIDOMSA.<\/p>\n<p>La reforestaci\u00f3n permanente y la preservaci\u00f3n de los rios, arroyos, canales\u00a0 y presas.<\/p>\n<p>La expansi\u00f3n de generadoras de energ\u00eda el\u00e9ctrica para acabar los apagones, la instalaci\u00f3n de hidroel\u00e9ctricas, energ\u00eda, solar , viento y otras fuentes.<\/p>\n<p>La generaci\u00f3n de empleos.<\/p>\n<p>&nbsp;<\/p>\n<p>Gremios de profesionales, productores del agro, industria de la construcci\u00f3n, salud, educaci\u00f3n, comercio, empleados, agronomos, ingenieros, abogados, arquitectros, agrimensores, sindicatos y empresariales.<\/p>\n<p>Las exportaciones.<\/p>\n<p>C\u00e1maras de Comercio y Producci\u00f3n.<\/p>\n<p>La necesidad de garantizar la producci\u00f3n nacional, sostenibilidad y la seguridad alimentaria.<\/p>\n<p>Primicias combate el autoritarismo.<\/p>\n<p>Las muertes de ciudadanos en cuarteles policiales.<\/p>\n<p>Los abusos policiales y muertes extrajudiciales.<\/p>\n<p>Allanamientos sin la orden de un juez.<\/p>\n<p>La invasi\u00f3n de tierras.<\/p>\n<p>Otorgamiento de licencias de conducir violando derechos de personas con 65 a\u00f1os y m\u00e1s<\/p>\n<p>La mutilaci\u00f3n de personas.<\/p>\n<p>La destrucci\u00f3n de los r\u00edos Veragua,\u00a0 Y\u00e1sica, Haina y muchos otros.<\/p>\n<p>Condenamos las\u00a0 frecuentes campa\u00f1as de descr\u00e9dito internacionales contra la naci\u00f3n.<\/p>\n<p>Enfrentamos la invasi\u00f3n haitiana.<\/p>\n<p>Los asentamientos de haitianos en el pa\u00eds.<\/p>\n<p>A los que con los fondos p\u00fablicos quieren enriquecerse.<\/p>\n<p>A los contrabandistas.<\/p>\n<p>Los il\u00edcitos y su impacto negativo en el aparato productivo.<\/p>\n<p>El negocio con los viajes en yolas.<\/p>\n<p>Los complots para desacreditar la lucha social.<\/p>\n<p>El negocio del tr\u00e1fico de indocumentados, como los\u00a0 sonados\u00a0 casos de narcotr\u00e1fico y dinero y fortunas sucias\u00a0 \u00a0que deben ser llevados sin contemplaci\u00f3n a la justicia.<\/p>\n<p>Hemos enfrentado la privatizacion de los aeropuertos, el da\u00f1o que se le\u00a0 hizo\u00a0 a la industria azucarera y a otras empersas del Estado.<\/p>\n<p>Las cargas econ\u00f3micas que entierran\u00a0 la clase media y a los sectores de menores ingresos.<\/p>\n<p>Hemos rechazado\u00a0 cada vez que lo han propuesto,\u00a0 la venta del Banco de Reservas, un patrimonio de los dominicanos que avanza e impacta positivamente la econom\u00eda nacional.Primicias reconoce los aportes de Banreservas a la naci\u00f3n.<\/p>\n<p>Publicamos el destape de Quirino y su explosi\u00f3n en el debate nacional<\/p>\n<p>Las muertes por el alcohol adulterado.<\/p>\n<p>Los grandes casos de narcotrafico, como la narcopol\u00edtica.<\/p>\n<p>Primicias ha divulgado los frecuentes \u00abchapeos\u00bb\u00a0 con el retiro de generales y otros\u00a0 altos oficiales militares y policiales en las Fuerzas Armadas y la Policia Nacional.Evaluamos los cambios militares y policiales, las nuevas generaciones en los cuerpos armados, el accionar de policias\u00a0 y militares.<\/p>\n<p>Hemos publicado e insistido en que no caben m\u00e1s haitianos en el pa\u00eds.<\/p>\n<p>Damos seguimiento profundo a los procesos electorales y su importancia para la democracia dominicana.<\/p>\n<p>Valoramos\u00a0 los esfuerzos del Banco Central para la estabilidad macroecon\u00f3mica y el control de la inflaci\u00f3n. En su momento, llevamos a nuestros lectores la advertencia del gobernador del Banco Central, H\u00e9ctor Valdez Albizu, sobre los activos virtuales.<\/p>\n<p>La transici\u00f3n energ\u00e9tica sostenible.<\/p>\n<p>Los aportes del sistema financiero dominicano a la naci\u00f3n.<\/p>\n<p>En las ediciones aniversarias de Primicias profundizaremos sobre otros\u00a0 temas claves con los cuales este medio de comunci\u00f3n aporta a la historia nacional.<\/p>\n<p>Ratificamos nuestro compromiso de La Verdad Siempre.<\/p>\n<p>Primicias, l\u00edder del periodismo no diario impreso en el pa\u00eds, avanza con Multimedios Primicias, su diario digital primicias.net y primicias.com.do, Coloquio, el programa econ\u00f3mico de la semana y Primicias TV.<\/p>\n<p>Celebramos el aniversario 32 de Primicias con optimismo,\u00a0 \u00a0reiterando los motivos que nos dieron origen.<\/p>\n<p>La democracia pol\u00edtica y econ\u00f3mica, desarrollo de la naci\u00f3n,\u00a0 respeto a la Constituci\u00f3n y las leyes, combate a las falsas noticias, difamaciones e injurias,\u00a0 \u00a0 libertad de expresi\u00f3n y difusi\u00f3n del pensamiento,\u00a0 la\u00a0 verdad siempre,\u00a0 \u00a0 derrotar el silencio\u00a0 y las amenazas de terrorismo judicial contra medios de comunicaci\u00f3n,\u00a0 ciudadanos y periodistas.<\/p>\n","protected":false},"excerpt":{"rendered":"<p>El peri\u00f3dico Primicias, semanario impreso y diario\u00a0 digital, de Multimedios Primicias de Rep\u00fablica Dominicana, arriba a 32 a\u00f1os de fundado, con trascendentales aportes a la democracia pol\u00edtica y econ\u00f3mica. Un medio que naci\u00f3 el 1 de noviembre de 1993, posterior al cierre del desaparecido peri\u00f3dico EL SOL, que desde 1971 hasta su cierre\u00a0 fue el &hellip;<\/p>\n","protected":false},"author":8,"featured_media":199657,"comment_status":"open","ping_status":"closed","sticky":false,"template":"","format":"standard","meta":{"_jetpack_newsletter_access":"","_jetpack_dont_email_post_to_subs":false,"_jetpack_newsletter_tier_id":0,"_jetpack_memberships_contains_paywalled_content":false,"_jetpack_feature_clip_id":0,"_jetpack_memberships_contains_paid_content":false,"footnotes":"","jetpack_publicize_message":"","jetpack_publicize_feature_enabled":true,"jetpack_social_post_already_shared":false,"jetpack_social_options":{"image_generator_settings":{"template":"highway","default_image_id":0,"font":"","enabled":false},"version":2},"jetpack_post_was_ever_published":false},"categories":[65,148,37,35,83,31,49,152,182,163],"tags":[],"class_list":["post-201406","post","type-post","status-publish","format-standard","has-post-thumbnail","hentry","category-bancarias","category-cooperativas","category-diaspora","category-economia-arte","category-editorial","category-nacionales","category-opinion","category-palacio-nacional","category-voces-economicas-de-la-nacion","category-voces-nacionales-e-internacionales"],"jetpack_publicize_connections":[],"jetpack_featured_media_url":"https:\/\/primicias.net\/web\/wp-content\/uploads\/2025\/09\/primicias.jpg","jetpack_sharing_enabled":true,"_links":{"self":[{"href":"https:\/\/primicias.net\/web\/wp-json\/wp\/v2\/posts\/201406","targetHints":{"allow":["GET"]}}],"collection":[{"href":"https:\/\/primicias.net\/web\/wp-json\/wp\/v2\/posts"}],"about":[{"href":"https:\/\/primicias.net\/web\/wp-json\/wp\/v2\/types\/post"}],"author":[{"embeddable":true,"href":"https:\/\/primicias.net\/web\/wp-json\/wp\/v2\/users\/8"}],"replies":[{"embeddable":true,"href":"https:\/\/primicias.net\/web\/wp-json\/wp\/v2\/comments?post=201406"}],"version-history":[{"count":0,"href":"https:\/\/primicias.net\/web\/wp-json\/wp\/v2\/posts\/201406\/revisions"}],"wp:featuredmedia":[{"embeddable":true,"href":"https:\/\/primicias.net\/web\/wp-json\/wp\/v2\/media\/199657"}],"wp:attachment":[{"href":"https:\/\/primicias.net\/web\/wp-json\/wp\/v2\/media?parent=201406"}],"wp:term":[{"taxonomy":"category","embeddable":true,"href":"https:\/\/primicias.net\/web\/wp-json\/wp\/v2\/categories?post=201406"},{"taxonomy":"post_tag","embeddable":true,"href":"https:\/\/primicias.net\/web\/wp-json\/wp\/v2\/tags?post=201406"}],"curies":[{"name":"wp","href":"https:\/\/api.w.org\/{rel}","templated":true}]}}