{"id":185832,"date":"2025-04-09T10:25:36","date_gmt":"2025-04-09T14:25:36","guid":{"rendered":"https:\/\/primicias.net\/web\/?p=185832"},"modified":"2025-04-09T10:25:36","modified_gmt":"2025-04-09T14:25:36","slug":"tragedia-en-el-antiguo-cine-el-portal-hoy-jet-set-se-alega-que-la-estructura-ya-presentaba-debilidades","status":"publish","type":"post","link":"https:\/\/primicias.net\/web\/tragedia-en-el-antiguo-cine-el-portal-hoy-jet-set-se-alega-que-la-estructura-ya-presentaba-debilidades\/","title":{"rendered":"Tragedia en el antiguo Cine El Portal hoy Jet Set: se alega que la estructura ya presentaba debilidades"},"content":{"rendered":"<div class=\"gs\">\n<div class=\"\">\n<div id=\":1d0\" class=\"ii gt\">\n<div id=\":1cz\" class=\"a3s aiL \">\n<div dir=\"auto\">\n<div dir=\"auto\"><strong>Por Yanet Gir\u00f3n<\/strong><\/div>\n<div dir=\"auto\"><\/div>\n<div dir=\"auto\">La madrugada del lunes 8 de abril, se registr\u00f3 una tragedia en Santo Domingo tras el colapso parcial de una estructura dentro del reconocido centro nocturno Jet Set, ubicado en la avenida Independencia. Este hecho dej\u00f3 varios afectados, entre ellos m\u00e1s de 160 personas heridas y 98 v\u00edctimas fatales hasta el momento, seg\u00fan el \u00faltimo informe ofrecido por el COE, aunque la versi\u00f3n oficial definitiva sobre los da\u00f1os y p\u00e9rdidas humanas habr\u00eda que concluya las tareas de rescate. Al menos 6 personas contin\u00faan reportadas como desaparecidas.<\/div>\n<div dir=\"auto\"><\/div>\n<div dir=\"auto\">De acuerdo con versiones extraoficiales, el local donde actualmente opera Jet Set habr\u00eda sido originalmente el Cine El Portal, construido a finales de los a\u00f1os 70, dentro del primer centro comercial del mismo nombre fabricado en la zona, por la constructora Armenteros. Se alega que este cine fue duramente afectado por la crisis econ\u00f3mica que golpe\u00f3 al pa\u00eds tras el paso del hurac\u00e1n David y la tormenta Federico en 1979, lo cual provoc\u00f3 su cierre definitivo.<\/div>\n<div dir=\"auto\"><img loading=\"lazy\" decoding=\"async\" class=\"alignnone size-full wp-image-185834\" src=\"https:\/\/primicias.net\/web\/wp-content\/uploads\/2025\/04\/1000032438.jpg\" alt=\"\" width=\"1600\" height=\"900\" srcset=\"https:\/\/primicias.net\/web\/wp-content\/uploads\/2025\/04\/1000032438.jpg 1600w, https:\/\/primicias.net\/web\/wp-content\/uploads\/2025\/04\/1000032438-300x169.jpg 300w, https:\/\/primicias.net\/web\/wp-content\/uploads\/2025\/04\/1000032438-1024x576.jpg 1024w, https:\/\/primicias.net\/web\/wp-content\/uploads\/2025\/04\/1000032438-768x432.jpg 768w, https:\/\/primicias.net\/web\/wp-content\/uploads\/2025\/04\/1000032438-1536x864.jpg 1536w, https:\/\/primicias.net\/web\/wp-content\/uploads\/2025\/04\/1000032438-390x220.jpg 390w\" sizes=\"auto, (max-width: 1600px) 100vw, 1600px\" \/><\/div>\n<div dir=\"auto\"><\/div>\n<div dir=\"auto\">Supuestamente, a\u00f1os despu\u00e9s, el espacio fue adquirido por los propietarios de la discoteca Jet Set, quienes, seg\u00fan se comenta, perdieron una litis relacionada con los terrenos que ocupaban anteriormente, al lado del edificio de las Coca-Cola en la misma avenida.<\/div>\n<div dir=\"auto\"><\/div>\n<div dir=\"auto\">Hace unos a\u00f1os fue adquirido por el empresario Antonio Espaillat, propietario de la cadena de medios RCC Media.<\/div>\n<div dir=\"auto\"><img loading=\"lazy\" decoding=\"async\" class=\"alignnone size-full wp-image-185835\" src=\"https:\/\/primicias.net\/web\/wp-content\/uploads\/2025\/04\/1000032441.jpg\" alt=\"\" width=\"1600\" height=\"900\" srcset=\"https:\/\/primicias.net\/web\/wp-content\/uploads\/2025\/04\/1000032441.jpg 1600w, https:\/\/primicias.net\/web\/wp-content\/uploads\/2025\/04\/1000032441-300x169.jpg 300w, https:\/\/primicias.net\/web\/wp-content\/uploads\/2025\/04\/1000032441-1024x576.jpg 1024w, https:\/\/primicias.net\/web\/wp-content\/uploads\/2025\/04\/1000032441-768x432.jpg 768w, https:\/\/primicias.net\/web\/wp-content\/uploads\/2025\/04\/1000032441-1536x864.jpg 1536w, https:\/\/primicias.net\/web\/wp-content\/uploads\/2025\/04\/1000032441-390x220.jpg 390w\" sizes=\"auto, (max-width: 1600px) 100vw, 1600px\" \/><\/div>\n<div dir=\"auto\"><\/div>\n<div dir=\"auto\">Se presume que la estructura del antiguo cine fue remodelada para adaptarla al uso de discoteca, aprovechando su dise\u00f1o original de techo alto y amplio espacio interior. Sin embargo, no hay constancia p\u00fablica de si dichas intervenciones fueron supervisadas t\u00e9cnicamente ni si se han realizado revisiones estructurales en los \u00faltimos a\u00f1os. Y si el sobre cielo construido para adaptar las luces y sonidos cont\u00f3 con la debida supervisi\u00f3n oficial de las instituciones correspondientes.<\/div>\n<div dir=\"auto\"><img loading=\"lazy\" decoding=\"async\" class=\"alignnone size-full wp-image-185836\" src=\"https:\/\/primicias.net\/web\/wp-content\/uploads\/2025\/04\/1000032435.jpg\" alt=\"\" width=\"1080\" height=\"810\" srcset=\"https:\/\/primicias.net\/web\/wp-content\/uploads\/2025\/04\/1000032435.jpg 1080w, https:\/\/primicias.net\/web\/wp-content\/uploads\/2025\/04\/1000032435-300x225.jpg 300w, https:\/\/primicias.net\/web\/wp-content\/uploads\/2025\/04\/1000032435-1024x768.jpg 1024w, https:\/\/primicias.net\/web\/wp-content\/uploads\/2025\/04\/1000032435-768x576.jpg 768w\" sizes=\"auto, (max-width: 1080px) 100vw, 1080px\" \/><\/div>\n<div dir=\"auto\"><\/div>\n<div dir=\"auto\">Diversas fuentes en la comunidad han manifestado preocupaciones sobre el estado del edificio, y algunos vecinos alegan que ya exist\u00edan se\u00f1ales de deterioro visibles en ciertas \u00e1reas del local. Sumados a las quejas constantes por los altos decibeles del sonido, cuyas vibraciones tambi\u00e9n pudieron haber afectado la estructura colapsada. No obstante, ninguna de estas versiones ha sido confirmada oficialmente.<\/div>\n<div dir=\"auto\"><img loading=\"lazy\" decoding=\"async\" class=\"alignnone size-full wp-image-185837\" src=\"https:\/\/primicias.net\/web\/wp-content\/uploads\/2025\/04\/1000032432.jpg\" alt=\"\" width=\"258\" height=\"193\" \/><\/div>\n<div dir=\"auto\"><\/div>\n<div dir=\"auto\">Las causas del colapso a\u00fan est\u00e1n bajo investigaci\u00f3n, y se espera que las autoridades emitan un informe t\u00e9cnico que aclare lo sucedido. Mientras tanto, se ha intensificado el debate sobre la seguridad de estructuras antiguas y la importancia de su inspecci\u00f3n peri\u00f3dica, especialmente en lugares de alta concurrencia.<\/div>\n<div dir=\"auto\"><\/div>\n<div dir=\"auto\">Por el momento, esta redacci\u00f3n se mantiene atenta al desarrollo de los hechos, priorizando el respeto a la verdad, la prudencia en la difusi\u00f3n de informaciones y el derecho de la ciudadan\u00eda a estar informada.<\/div>\n<\/div>\n<div class=\"yj6qo\"><\/div>\n<\/div>\n<\/div>\n<div id=\":1di\" class=\"hq gt\">\n<div id=\":1dk\" class=\"ho\">\n<div class=\"aZi J-J5-Ji\">\n<div id=\":1fq\" class=\"T-I J-J5-Ji aZj T-I-ax7 T-I-Js-Gs L3\" tabindex=\"0\" role=\"button\" aria-label=\"Agregar todo a Drive\" aria-disabled=\"false\" data-tooltip=\"Agregar todo a Drive\">\n<div class=\"a3I\"><\/div>\n<\/div>\n<\/div>\n<\/div>\n<div id=\":1do\"><\/div>\n<div id=\":1dj\" class=\"aQH\">\n<div class=\"aZK\"><\/div>\n<\/div>\n<\/div>\n<div class=\"WhmR8e\" data-hash=\"0\"><\/div>\n<\/div>\n<\/div>\n","protected":false},"excerpt":{"rendered":"<p>Por Yanet Gir\u00f3n La madrugada del lunes 8 de abril, se registr\u00f3 una tragedia en Santo Domingo tras el colapso parcial de una estructura dentro del reconocido centro nocturno Jet Set, ubicado en la avenida Independencia. Este hecho dej\u00f3 varios afectados, entre ellos m\u00e1s de 160 personas heridas y 98 v\u00edctimas fatales hasta el momento, &hellip;<\/p>\n","protected":false},"author":4,"featured_media":185833,"comment_status":"open","ping_status":"closed","sticky":false,"template":"","format":"standard","meta":{"_jetpack_newsletter_access":"","_jetpack_dont_email_post_to_subs":false,"_jetpack_newsletter_tier_id":0,"_jetpack_memberships_contains_paywalled_content":false,"_jetpack_feature_clip_id":0,"_jetpack_memberships_contains_paid_content":false,"footnotes":"","jetpack_publicize_message":"","jetpack_publicize_feature_enabled":true,"jetpack_social_post_already_shared":false,"jetpack_social_options":{"image_generator_settings":{"template":"highway","default_image_id":0,"font":"","enabled":false},"version":2},"jetpack_post_was_ever_published":false},"categories":[31],"tags":[],"class_list":["post-185832","post","type-post","status-publish","format-standard","has-post-thumbnail","hentry","category-nacionales"],"jetpack_publicize_connections":[],"jetpack_featured_media_url":"https:\/\/primicias.net\/web\/wp-content\/uploads\/2025\/04\/1000032444.jpg","jetpack_sharing_enabled":true,"_links":{"self":[{"href":"https:\/\/primicias.net\/web\/wp-json\/wp\/v2\/posts\/185832","targetHints":{"allow":["GET"]}}],"collection":[{"href":"https:\/\/primicias.net\/web\/wp-json\/wp\/v2\/posts"}],"about":[{"href":"https:\/\/primicias.net\/web\/wp-json\/wp\/v2\/types\/post"}],"author":[{"embeddable":true,"href":"https:\/\/primicias.net\/web\/wp-json\/wp\/v2\/users\/4"}],"replies":[{"embeddable":true,"href":"https:\/\/primicias.net\/web\/wp-json\/wp\/v2\/comments?post=185832"}],"version-history":[{"count":0,"href":"https:\/\/primicias.net\/web\/wp-json\/wp\/v2\/posts\/185832\/revisions"}],"wp:featuredmedia":[{"embeddable":true,"href":"https:\/\/primicias.net\/web\/wp-json\/wp\/v2\/media\/185833"}],"wp:attachment":[{"href":"https:\/\/primicias.net\/web\/wp-json\/wp\/v2\/media?parent=185832"}],"wp:term":[{"taxonomy":"category","embeddable":true,"href":"https:\/\/primicias.net\/web\/wp-json\/wp\/v2\/categories?post=185832"},{"taxonomy":"post_tag","embeddable":true,"href":"https:\/\/primicias.net\/web\/wp-json\/wp\/v2\/tags?post=185832"}],"curies":[{"name":"wp","href":"https:\/\/api.w.org\/{rel}","templated":true}]}}