{"id":151121,"date":"2023-11-08T19:49:37","date_gmt":"2023-11-08T23:49:37","guid":{"rendered":"https:\/\/primicias.net\/web\/?p=151121"},"modified":"2023-11-08T19:49:37","modified_gmt":"2023-11-08T23:49:37","slug":"poder-ejecutivo-designa-ramon-guzman-peralta-nuevo-director-de-la-policia","status":"publish","type":"post","link":"https:\/\/primicias.net\/web\/poder-ejecutivo-designa-ramon-guzman-peralta-nuevo-director-de-la-policia\/","title":{"rendered":"Poder Ejecutivo designa Ram\u00f3n Guzm\u00e1n Peralta nuevo director de la Polic\u00eda"},"content":{"rendered":"<p>SANTO DOMINGO.-El presidente de la Rep\u00fablica, Luis Abinader, emiti\u00f3 un decreto en el que asciende a general y designa a Ram\u00f3n Antonio Guzm\u00e1n Peralta como nuevo director de la Polic\u00eda Nacional.<\/p>\n<p>Sustituye en esas funciones al mayor general Eduardo Alberto Then, quien fue puesto en retiro y designado \u00a0asesor del Presidente de la Rep\u00fablica.<\/p>\n<p>Guzm\u00e1n Peralta era el titular de la Direcci\u00f3n General de Seguridad de Tr\u00e1nsito y Transporte Terrestre (Digesset).<\/p>\n<p>Asimismo, el\u00a0 general de la Polic\u00eda, Francisco Osoria de la Cruz fue nombrado director general de Digesett.<\/p>\n","protected":false},"excerpt":{"rendered":"<p>SANTO DOMINGO.-El presidente de la Rep\u00fablica, Luis Abinader, emiti\u00f3 un decreto en el que asciende a general y designa a Ram\u00f3n Antonio Guzm\u00e1n Peralta como nuevo director de la Polic\u00eda Nacional. Sustituye en esas funciones al mayor general Eduardo Alberto Then, quien fue puesto en retiro y designado \u00a0asesor del Presidente de la Rep\u00fablica. Guzm\u00e1n &hellip;<\/p>\n","protected":false},"author":4,"featured_media":151122,"comment_status":"open","ping_status":"closed","sticky":false,"template":"","format":"standard","meta":{"_jetpack_newsletter_access":"","_jetpack_dont_email_post_to_subs":false,"_jetpack_newsletter_tier_id":0,"_jetpack_memberships_contains_paywalled_content":false,"_jetpack_feature_clip_id":0,"_jetpack_memberships_contains_paid_content":false,"footnotes":"","jetpack_publicize_message":"","jetpack_publicize_feature_enabled":true,"jetpack_social_post_already_shared":false,"jetpack_social_options":{"image_generator_settings":{"template":"highway","default_image_id":0,"font":"","enabled":false},"version":2},"jetpack_post_was_ever_published":false},"categories":[31],"tags":[],"class_list":["post-151121","post","type-post","status-publish","format-standard","has-post-thumbnail","hentry","category-nacionales"],"jetpack_publicize_connections":[],"jetpack_featured_media_url":"https:\/\/primicias.net\/web\/wp-content\/uploads\/2023\/11\/whatsapp-image-2021-03-31-at-92434-am-1024x682-1.jpeg","jetpack_sharing_enabled":true,"_links":{"self":[{"href":"https:\/\/primicias.net\/web\/wp-json\/wp\/v2\/posts\/151121","targetHints":{"allow":["GET"]}}],"collection":[{"href":"https:\/\/primicias.net\/web\/wp-json\/wp\/v2\/posts"}],"about":[{"href":"https:\/\/primicias.net\/web\/wp-json\/wp\/v2\/types\/post"}],"author":[{"embeddable":true,"href":"https:\/\/primicias.net\/web\/wp-json\/wp\/v2\/users\/4"}],"replies":[{"embeddable":true,"href":"https:\/\/primicias.net\/web\/wp-json\/wp\/v2\/comments?post=151121"}],"version-history":[{"count":0,"href":"https:\/\/primicias.net\/web\/wp-json\/wp\/v2\/posts\/151121\/revisions"}],"wp:featuredmedia":[{"embeddable":true,"href":"https:\/\/primicias.net\/web\/wp-json\/wp\/v2\/media\/151122"}],"wp:attachment":[{"href":"https:\/\/primicias.net\/web\/wp-json\/wp\/v2\/media?parent=151121"}],"wp:term":[{"taxonomy":"category","embeddable":true,"href":"https:\/\/primicias.net\/web\/wp-json\/wp\/v2\/categories?post=151121"},{"taxonomy":"post_tag","embeddable":true,"href":"https:\/\/primicias.net\/web\/wp-json\/wp\/v2\/tags?post=151121"}],"curies":[{"name":"wp","href":"https:\/\/api.w.org\/{rel}","templated":true}]}}