{"id":149880,"date":"2023-10-18T14:10:44","date_gmt":"2023-10-18T18:10:44","guid":{"rendered":"https:\/\/primicias.net\/web\/?p=149880"},"modified":"2023-10-18T14:10:44","modified_gmt":"2023-10-18T18:10:44","slug":"instituciones-se-unen-para-iniciar-novedoso-proyecto-en-boca-chica-crea-empleos-y-rescata-atractivos-ecoturisticos-de-la-zona","status":"publish","type":"post","link":"https:\/\/primicias.net\/web\/instituciones-se-unen-para-iniciar-novedoso-proyecto-en-boca-chica-crea-empleos-y-rescata-atractivos-ecoturisticos-de-la-zona\/","title":{"rendered":"INSTITUCIONES SE UNEN PARA INICIAR  NOVEDOSO PROYECTO EN BOCA-CHICA CREA EMPLEOS Y RESCATA ATRACTIVOS ECOTUR\u00cdSTICOS DE LA ZONA."},"content":{"rendered":"<p>En el marco del Programa Ideas para una Recuperaci\u00f3n Verde en Am\u00e9rica Central y Rep\u00fablica Dominicana de la Cooperaci\u00f3n Alemana para el Desarrollo, GIZ, AERODOM y la Fundaci\u00f3n Verde Profundo (FVP), presentaron Ecoacci\u00f3n Boca Chica, un proyecto que busca dinamizar la econom\u00eda y crear empleos a trav\u00e9s de un modelo econ\u00f3mico basado en el turismo sostenible y conservaci\u00f3n de ecosistemas costero-marinos que permita la inclusi\u00f3n de las y los pescadores, as\u00ed como y otros actores en la comunidad de Boca Chica. Para esto, se utilizan como atractivos tur\u00edsticos las intervenciones de rehabilitaci\u00f3n de ecosistemas marinos ya realizadas por Fundaci\u00f3n Verde Profundo y divulgadas a trav\u00e9s de las distintas plataformas de AERODOM.<\/p>\n<p>Boca Chica es un municipio costero con una gran importancia econ\u00f3mica y social desde su fundaci\u00f3n. Inicialmente fue una comunidad desarrollada a partir de la industria azucarera y la pesca, pero con el paso de los a\u00f1os, surgieron importantes inversiones tur\u00edsticas de alto nivel y desarrollos industriales. La econom\u00eda se dinamiz\u00f3 y creci\u00f3 con pocas regulaciones ambientales, por lo que en paralelo a la creaci\u00f3n de empleos se produjo un progresivo deterioro de los recursos costero-marinos afectando la forma de vida de sus habitantes.<\/p>\n<p>Una Nota de Prensa, indica que la comunidad de Boca Chica y la Bah\u00eda de Andr\u00e9s son zonas afectadas por una fuerte presi\u00f3n demogr\u00e1fica, contaminaci\u00f3n y explotaci\u00f3n industrial. Adem\u00e1s, estas \u00e1reas cuentan con la laguna arrecifal m\u00e1s grande del Caribe, un lugar \u00fanico en la Rep\u00fablica Dominicana debido a sus caracter\u00edsticas biogeogr\u00e1ficas. Entre estas particularidades est\u00e1 su conectividad con el R\u00edo Brujuelas, el \u00fanico r\u00edo subterr\u00e1neo de la isla, que tiene una de sus desembocaduras dentro de la laguna arrecifal, proveyendo as\u00ed agua dulce para los manglares presentes en la zona.<\/p>\n<p><img loading=\"lazy\" decoding=\"async\" class=\"alignnone size-full wp-image-149882\" src=\"https:\/\/primicias.net\/web\/wp-content\/uploads\/2023\/10\/IMG-20231018-WA0032.jpeg\" alt=\"\" width=\"1200\" height=\"1600\" srcset=\"https:\/\/primicias.net\/web\/wp-content\/uploads\/2023\/10\/IMG-20231018-WA0032.jpeg 1200w, https:\/\/primicias.net\/web\/wp-content\/uploads\/2023\/10\/IMG-20231018-WA0032-225x300.jpeg 225w, https:\/\/primicias.net\/web\/wp-content\/uploads\/2023\/10\/IMG-20231018-WA0032-768x1024.jpeg 768w, https:\/\/primicias.net\/web\/wp-content\/uploads\/2023\/10\/IMG-20231018-WA0032-1152x1536.jpeg 1152w\" sizes=\"auto, (max-width: 1200px) 100vw, 1200px\" \/><\/p>\n<p>El avance de la degradaci\u00f3n ambiental de la zona, ha incidido directamente en la reducci\u00f3n considerable del ingreso per c\u00e1pita de sus habitantes. Conscientes de esta situaci\u00f3n y en busca de la subsistencia de sus familias, estos se han visto en la necesidad de sobre-explotar los recursos naturales que a\u00fan quedan en la regi\u00f3n a pesar de su conocimiento sobre el da\u00f1o ambiental que esto pueda ocasionar.<\/p>\n<p>El evento fue realizado en la Fundaci\u00f3n Verde Profundo y cont\u00f3 con la presencia de Jos\u00e9 Ram\u00f3n Reyes, Viceministro de Recursos Costeros y Marinos, Angel Luis Franco, Director de Recursos Pesqueros del CODOPESCA, Mar\u00eda De Le\u00f3n Castro, Vicealcalde de Boca Chica, Kathrin Russner, Directora del Programa Regional Ideas para una Recuperaci\u00f3n Verde que implementa la GIZ, M\u00f3nika Infante Henr\u00edquez, CEO de AERODOM, representantes de Politur, miembros del Cluster Tur\u00edstico de Boca Chica, equipo de Fundaci\u00f3n Verde Profundo, amigos y colaboradores.<\/p>\n<p>Kathrin Russner, Directora del Programa Regional Ideas para una Recuperaci\u00f3n Verde que implementa la GIZ por encargo del Ministerio Federal Alem\u00e1n de Cooperaci\u00f3n Econ\u00f3mica y Desarrollo (BMZ), introdujo el evento explicando el objetivo de la Cooperaci\u00f3n Alemana, la cual busca de promover, a trav\u00e9s de esta alianza con AERODOM y la Fundaci\u00f3n Verde Profundo, el desarrollo de actividades econ\u00f3micas sostenibles que generen o mantengan fuentes de empleo para los habitantes de la zona y que ofrezcan un espacio para la formaci\u00f3n y desarrollo de la comunidad con el uso de medios y fuentes alternas de subsistencia que no da\u00f1en el medio ambiente.<\/p>\n<p>M\u00f3nika Infante Henr\u00edquez, CEO de AERODOM expuso que debido a su estrecha vinculaci\u00f3n con la actividad tur\u00edstica y la cercan\u00eda de sus operaciones en el Aeropuerto Internacional de las Am\u00e9ricas, Jos\u00e9 Francisco Pe\u00f1a G\u00f3mez a Boca Chica, Aeropuertos Dominicanos Siglo XXI (AERODOM) empresa que forma parte de la plataforma aeroportuaria mundial de VINCI Airports, decidieron unir esfuerzos buscando una colaboraci\u00f3n que genere un impacto positivo en sostenibilidad en l\u00ednea con su compromiso de alcanzar las cero emisiones netas al a\u00f1o 2050.<\/p>\n<p><img loading=\"lazy\" decoding=\"async\" class=\"alignnone size-full wp-image-149883\" src=\"https:\/\/primicias.net\/web\/wp-content\/uploads\/2023\/10\/IMG-20231018-WA0031.jpeg\" alt=\"\" width=\"1600\" height=\"1200\" srcset=\"https:\/\/primicias.net\/web\/wp-content\/uploads\/2023\/10\/IMG-20231018-WA0031.jpeg 1600w, https:\/\/primicias.net\/web\/wp-content\/uploads\/2023\/10\/IMG-20231018-WA0031-300x225.jpeg 300w, https:\/\/primicias.net\/web\/wp-content\/uploads\/2023\/10\/IMG-20231018-WA0031-1024x768.jpeg 1024w, https:\/\/primicias.net\/web\/wp-content\/uploads\/2023\/10\/IMG-20231018-WA0031-768x576.jpeg 768w, https:\/\/primicias.net\/web\/wp-content\/uploads\/2023\/10\/IMG-20231018-WA0031-1536x1152.jpeg 1536w\" sizes=\"auto, (max-width: 1600px) 100vw, 1600px\" \/><\/p>\n<p>A su vez, Tasha Gough, directora de Fundaci\u00f3n Verde Profundo detall\u00f3 las labores de recuperaci\u00f3n y restauraci\u00f3n costero marinas llevadas desde el 2017 en la zona, las cuales han permitido crear estas nuevas fuentes potenciales de ingreso basadas en el eco-turismo. A trav\u00e9s de la formalizaci\u00f3n de las rutas ecotur\u00edsticas y de la formaci\u00f3n de gu\u00edas y facilitadores se estimular\u00e1 el desarrollo de toda la cadena de valor de estos servicios. Y tambi\u00e9n beneficiar\u00e1 a otros actores de la cadena de valor vinculada a servicios ecotur\u00edsticos, con empleos ya existentes.<\/p>\n<p>En sus palabras el Viceministro de Recursos Costeros y Marinos, Jos\u00e9 Ram\u00f3n Reyes, reiter\u00f3 el compromiso del Estado Dominicano de preservar la biodiversidad para futuras generaciones y su deseo de que este proyecto pueda continuar desarroll\u00e1ndose para asegurar la preservaci\u00f3n de los recursos costeros y marinos de la zona. Por parte del CODOPESCA, Angel Luis Franco felicit\u00f3 a los presentes por el entusiasmo y dedicaci\u00f3n de tantos a\u00f1os para desarrollar este proyecto el cual beneficia a la comunidad.<\/p>\n<p>Sobre la laguna arrecifal de Boca-Chica:<\/p>\n<p>Es un ecosistema \u00fanico caracterizado por contar con los tres elementos que favorecen la reproducci\u00f3n de especies marinas: manglares, pastos marinos y arrecifes de coral. Sumado a esto, las corrientes marinas la convierten en un depositario de huevos y larvas que encuentran all\u00ed una zona para el desarrollo de juveniles debido a la ausencia de especies adultas que los pongan en riesgo. Sin embargo, la sobrepesca y falta de regulaciones ha mermado significativamente la vida marina de la zona, afectando la econom\u00eda de los pescadores y deteriorando los puntos tur\u00edsticos de buceo y playa. A pesar de esto la zona muestra una alta resiliencia y gran capacidad de recuperaci\u00f3n lo cual ya se evidencia en proyectos pilotos documentados en dicha zona.<\/p>\n<div class=\"yj6qo\"><\/div>\n","protected":false},"excerpt":{"rendered":"<p>En el marco del Programa Ideas para una Recuperaci\u00f3n Verde en Am\u00e9rica Central y Rep\u00fablica Dominicana de la Cooperaci\u00f3n Alemana para el Desarrollo, GIZ, AERODOM y la Fundaci\u00f3n Verde Profundo (FVP), presentaron Ecoacci\u00f3n Boca Chica, un proyecto que busca dinamizar la econom\u00eda y crear empleos a trav\u00e9s de un modelo econ\u00f3mico basado en el turismo &hellip;<\/p>\n","protected":false},"author":16,"featured_media":149881,"comment_status":"open","ping_status":"closed","sticky":false,"template":"","format":"standard","meta":{"_jetpack_newsletter_access":"","_jetpack_dont_email_post_to_subs":false,"_jetpack_newsletter_tier_id":0,"_jetpack_memberships_contains_paywalled_content":false,"_jetpack_feature_clip_id":0,"_jetpack_memberships_contains_paid_content":false,"footnotes":"","jetpack_publicize_message":"","jetpack_publicize_feature_enabled":true,"jetpack_social_post_already_shared":false,"jetpack_social_options":{"image_generator_settings":{"template":"highway","default_image_id":0,"font":"","enabled":false},"version":2},"jetpack_post_was_ever_published":false},"categories":[31],"tags":[],"class_list":["post-149880","post","type-post","status-publish","format-standard","has-post-thumbnail","hentry","category-nacionales"],"jetpack_publicize_connections":[],"jetpack_featured_media_url":"https:\/\/primicias.net\/web\/wp-content\/uploads\/2023\/10\/IMG-20231018-WA0035.jpeg","jetpack_sharing_enabled":true,"_links":{"self":[{"href":"https:\/\/primicias.net\/web\/wp-json\/wp\/v2\/posts\/149880","targetHints":{"allow":["GET"]}}],"collection":[{"href":"https:\/\/primicias.net\/web\/wp-json\/wp\/v2\/posts"}],"about":[{"href":"https:\/\/primicias.net\/web\/wp-json\/wp\/v2\/types\/post"}],"author":[{"embeddable":true,"href":"https:\/\/primicias.net\/web\/wp-json\/wp\/v2\/users\/16"}],"replies":[{"embeddable":true,"href":"https:\/\/primicias.net\/web\/wp-json\/wp\/v2\/comments?post=149880"}],"version-history":[{"count":0,"href":"https:\/\/primicias.net\/web\/wp-json\/wp\/v2\/posts\/149880\/revisions"}],"wp:featuredmedia":[{"embeddable":true,"href":"https:\/\/primicias.net\/web\/wp-json\/wp\/v2\/media\/149881"}],"wp:attachment":[{"href":"https:\/\/primicias.net\/web\/wp-json\/wp\/v2\/media?parent=149880"}],"wp:term":[{"taxonomy":"category","embeddable":true,"href":"https:\/\/primicias.net\/web\/wp-json\/wp\/v2\/categories?post=149880"},{"taxonomy":"post_tag","embeddable":true,"href":"https:\/\/primicias.net\/web\/wp-json\/wp\/v2\/tags?post=149880"}],"curies":[{"name":"wp","href":"https:\/\/api.w.org\/{rel}","templated":true}]}}